{"id":971,"date":"2025-09-12T13:48:01","date_gmt":"2025-09-12T18:48:01","guid":{"rendered":"https:\/\/lauragarza.com\/EnfoqueManual\/?p=971"},"modified":"2025-09-12T13:48:04","modified_gmt":"2025-09-12T18:48:04","slug":"no-hay-justificacion","status":"publish","type":"post","link":"https:\/\/lauragarza.com\/EnfoqueManual\/2025\/09\/12\/no-hay-justificacion\/","title":{"rendered":"No hay justificaci\u00f3n"},"content":{"rendered":"\n<p>Por Laura Garza&nbsp;<\/p>\n\n\n\n<p>La constante publicaci\u00f3n de videos y fotos de la cotidianidad de la familia del gobernador de Nuevo Le\u00f3n ya cruza la l\u00ednea de abuso de imagen.<\/p>\n\n\n\n<p>Pero m\u00e1s que conocer si es o no un pap\u00e1 presente, si le hace quesadillas o si se encarga de la hija mayor mientras la casi reci\u00e9n nacida es atendida por su esposa, esta semana se ha sobrepasado.<\/p>\n\n\n\n<p>El pasado lunes 5 de septiembre en Nuevo Le\u00f3n se llevaron a cabo distintos actos de reconocimiento en marco del d\u00eda del polic\u00eda, en el cual particip\u00f3 por obvias razones el gobernador Samuel Garc\u00eda y esta vez fue acompa\u00f1ado por su esposa Mariana Rodr\u00edguez.&nbsp;<\/p>\n\n\n\n<p>Fue en ese momento y lugar en donde ambos sobrepasaron la l\u00ednea de respeto y privacidad para su hija reci\u00e9n nacida. De tan solo dos meses y medio decidieron llevarla al evento, a\u00fan y contando con la ayuda necesaria para cuidarla y mantenerla en un lugar seguro.<\/p>\n\n\n\n<p>Apareci\u00f3 Mariana Rodr\u00edguez junto a su esposo frente a cientos de elementos de la polic\u00eda en el Estado.\u00a0 Lo llamativo fue que ella apareci\u00f3 con su hija pegada al pecho con las cangureras para sostener a los beb\u00e9s. <\/p>\n\n\n\n<p>La pregunta fue \u00bfpara? \u00bfPor?<\/p>\n\n\n\n<p>El acto qued\u00f3 para un caso de estudio para el mal manejo de imagen pol\u00edtica, y por supuesto un tema que debe de ser discutido para actualizar la Iniciativa con Proyecto de decreto que adiciona el numeral 3 al art\u00edculo 246 y el numeral 5 al art\u00edculo 247 de la Ley General de Instituciones y Procedimientos Electorales, en materia de prohibici\u00f3n del uso de la imagen de ni\u00f1as, ni\u00f1os y adolescentes en la propaganda pol\u00edtico electoral.<\/p>\n\n\n\n<p>Cualquiera podr\u00e1 defender que no es propaganda pol\u00edtico electoral porque no se encuentran en campa\u00f1a, sin embargo, la ciudadan\u00eda no es ciega, y los expertos menos.<\/p>\n\n\n\n<p>Mariana Rodr\u00edguez con su carrera de Influencer en redes sociales ha invadido la carrera pol\u00edtica de Samuel.&nbsp;<\/p>\n\n\n\n<p>Aquella primera vez que apareci\u00f3 Mariana con su primer hija de la misma manera en un evento del DIF, caus\u00f3 m\u00e1s ternura e incluso fue apoyada por ciertos grupos de mujeres que hab\u00eda sido un buen acto el evidenciar que as\u00ed nos ve\u00edamos muchas mam\u00e1s a la hora de trabajar, o en su peor caso, as\u00ed quisi\u00e9ramos acudir a trabajar con nuestros beb\u00e9s pegaditos.<\/p>\n\n\n\n<p>Pero esta vez no.<\/p>\n\n\n\n<p>Ahora, vamos a lo que dice la ley.&nbsp;<\/p>\n\n\n\n<p><em>\u201cLa protecci\u00f3n de la imagen, va como un derecho de la personalidad, de las ni\u00f1as, ni\u00f1os y adolescentes que debe prevalecer ante el aprovechamiento, exceso y explotaci\u00f3n en actos proselitistas, a favor o en contra de un partido pol\u00edtico, coalici\u00f3n precandidato o candidato.<\/em><\/p>\n\n\n\n<p><em>Hasta el momento, tanto el Instituto Nacional Electoral y la Sala Superior del Tribunal Electoral del Poder Judicial de la Federaci\u00f3n, como autoridades en materia electoral, solamente han establecido criterios cuando se trata de la participaci\u00f3n de ni\u00f1as,&nbsp;<\/em><\/p>\n\n\n\n<p><em>ni\u00f1os y adolescentes en actos de propaganda pol\u00edtica electoral.<\/em><\/p>\n\n\n\n<p><em>Sin embargo, bajo el eufemismo del permiso de los padre o tutores o de un supuesto informe sobre el contenido de los mensajes, se ha permitido que se abuse de la imagen de ni\u00f1as, ni\u00f1os y adolescentes, sin considerar la afectaci\u00f3n a sus derechos de la personalidad, que les son intr\u00ednsecos, y que, entre otras caracter\u00edsticas, no son transferibles, son irrenunciables e inembargables por lo que, ni siquiera sus padres o tutores pueden otorgar consentimiento derivado sobre el uso de su imagen, para el provecho de un partido pol\u00edtico, coalici\u00f3n precandidato o candidato.\u201d<\/em><\/p>\n\n\n\n<p>El que las hijas aparezcan en su privacidad, o en eventos p\u00fablicos y pol\u00edticos, por obviedad es por la autorizaci\u00f3n de sus padres, sin embargo lo que cuestiona la ley y sigue en espera de una resoluci\u00f3n, es que todos y todas las beb\u00e9s que son \u201ccompartidas\u201d las 24\/7 en un futuro podr\u00e1n sufrir acoso, y sentirse vulnerables al saberse expuestas ante desconocidos.<\/p>\n\n\n\n<p>Es lo que ahora se llama&nbsp;<em>sharerenting,<\/em>&nbsp;el compartir todo el tiempo a sus hijos. En donde influencer generan contenido a travez y por encima de ellos, de su \u00edntegra idea, de su dignidad y su privacidad.<\/p>\n\n\n\n<p>Porque no solo es que las lleven a actos pol\u00edticos, es que las vemos en su cuarto, en la cama, en el ba\u00f1o, en la alberca, en la vacaci\u00f3n, conocemos sus cl\u00f3sets, sus juguetes, sus vestidos, sus mo\u00f1os, el jab\u00f3n que usan, la crema que le ponen, las vemos cantar y hacer todo lo que hace un beb\u00e9.<\/p>\n\n\n\n<p>El pap\u00e1 de las ni\u00f1as es pol\u00edtico y con ello, las ni\u00f1as quedan politizadas.&nbsp;<\/p>\n\n\n\n<p>El equipo de imagen y comunicaci\u00f3n del gobernador lo saben, pero siguen \u00f3rdenes y buscan romper los est\u00e1ndares para esto, para estar en la conversaci\u00f3n, que todos recordemos lo buena onda que son, que no se le olvide que es un pap\u00e1 presente, que termina de trabajar y llega listo para jugar y hacer la cena.<\/p>\n\n\n\n<p>Y cualquiera que sea la intenci\u00f3n de todos alrededor de Mariana de politizarla, eso tambi\u00e9n tiene otras intenciones.<\/p>\n\n\n\n<p>La imagen es rid\u00edcula y perd\u00f3n que lo diga.&nbsp;<\/p>\n\n\n\n<p>Quienes somos mam\u00e1s, y quienes no ha tocado salir adelante con nuestras hijas y al mismo tiempo trabajar para sacar adelante su vida y la nuestra, sabemos que esto es m\u00e1s que una farsa.<\/p>\n\n\n\n<p>Mariana da una imagen superficial, una mentira que enternece y estoy segura que a ninguna mam\u00e1 que TIENE que salir a trabajar y TIENE que dejar a sus hijos, le causa un m\u00ednimo grado de empat\u00eda.<\/p>\n\n\n\n<p>Una p\u00e9sima decisi\u00f3n de imagen personal, de imagen pol\u00edtica y carente de respeto hacia sus dos hijas.<\/p>\n\n\n\n<figure class=\"wp-block-image size-large\"><img loading=\"lazy\" decoding=\"async\" width=\"1024\" height=\"556\" src=\"https:\/\/lauragarza.com\/EnfoqueManual\/wp-content\/uploads\/2025\/09\/Captura-de-pantalla-2025-09-11-a-las-3.49.54\u202fp.m-1024x556.png\" alt=\"\" class=\"wp-image-973\" srcset=\"https:\/\/lauragarza.com\/EnfoqueManual\/wp-content\/uploads\/2025\/09\/Captura-de-pantalla-2025-09-11-a-las-3.49.54\u202fp.m-1024x556.png 1024w, https:\/\/lauragarza.com\/EnfoqueManual\/wp-content\/uploads\/2025\/09\/Captura-de-pantalla-2025-09-11-a-las-3.49.54\u202fp.m-300x163.png 300w, https:\/\/lauragarza.com\/EnfoqueManual\/wp-content\/uploads\/2025\/09\/Captura-de-pantalla-2025-09-11-a-las-3.49.54\u202fp.m-768x417.png 768w, https:\/\/lauragarza.com\/EnfoqueManual\/wp-content\/uploads\/2025\/09\/Captura-de-pantalla-2025-09-11-a-las-3.49.54\u202fp.m-1536x834.png 1536w, https:\/\/lauragarza.com\/EnfoqueManual\/wp-content\/uploads\/2025\/09\/Captura-de-pantalla-2025-09-11-a-las-3.49.54\u202fp.m-2048x1113.png 2048w\" sizes=\"auto, (max-width: 1024px) 100vw, 1024px\" \/><\/figure>\n\n\n\n<p><\/p>\n","protected":false},"excerpt":{"rendered":"<p>Por Laura Garza&nbsp; La constante publicaci\u00f3n de videos y fotos de la cotidianidad de la familia del gobernador de Nuevo [&hellip;]<\/p>\n","protected":false},"author":2,"featured_media":972,"comment_status":"open","ping_status":"open","sticky":false,"template":"","format":"standard","meta":{"footnotes":""},"categories":[1],"tags":[190,35,58],"class_list":["post-971","post","type-post","status-publish","format-standard","has-post-thumbnail","hentry","category-uncategorized","tag-enfoquemanual","tag-imagen","tag-mexico"],"_links":{"self":[{"href":"https:\/\/lauragarza.com\/EnfoqueManual\/wp-json\/wp\/v2\/posts\/971","targetHints":{"allow":["GET"]}}],"collection":[{"href":"https:\/\/lauragarza.com\/EnfoqueManual\/wp-json\/wp\/v2\/posts"}],"about":[{"href":"https:\/\/lauragarza.com\/EnfoqueManual\/wp-json\/wp\/v2\/types\/post"}],"author":[{"embeddable":true,"href":"https:\/\/lauragarza.com\/EnfoqueManual\/wp-json\/wp\/v2\/users\/2"}],"replies":[{"embeddable":true,"href":"https:\/\/lauragarza.com\/EnfoqueManual\/wp-json\/wp\/v2\/comments?post=971"}],"version-history":[{"count":1,"href":"https:\/\/lauragarza.com\/EnfoqueManual\/wp-json\/wp\/v2\/posts\/971\/revisions"}],"predecessor-version":[{"id":974,"href":"https:\/\/lauragarza.com\/EnfoqueManual\/wp-json\/wp\/v2\/posts\/971\/revisions\/974"}],"wp:featuredmedia":[{"embeddable":true,"href":"https:\/\/lauragarza.com\/EnfoqueManual\/wp-json\/wp\/v2\/media\/972"}],"wp:attachment":[{"href":"https:\/\/lauragarza.com\/EnfoqueManual\/wp-json\/wp\/v2\/media?parent=971"}],"wp:term":[{"taxonomy":"category","embeddable":true,"href":"https:\/\/lauragarza.com\/EnfoqueManual\/wp-json\/wp\/v2\/categories?post=971"},{"taxonomy":"post_tag","embeddable":true,"href":"https:\/\/lauragarza.com\/EnfoqueManual\/wp-json\/wp\/v2\/tags?post=971"}],"curies":[{"name":"wp","href":"https:\/\/api.w.org\/{rel}","templated":true}]}}