{"id":965,"date":"2025-03-26T22:50:56","date_gmt":"2025-03-27T04:50:56","guid":{"rendered":"https:\/\/lauragarza.com\/EnfoqueManual\/?p=965"},"modified":"2025-03-26T23:04:50","modified_gmt":"2025-03-27T05:04:50","slug":"las-mujeres-el-emblema","status":"publish","type":"post","link":"https:\/\/lauragarza.com\/EnfoqueManual\/2025\/03\/26\/las-mujeres-el-emblema\/","title":{"rendered":"Las mujeres: el emblema"},"content":{"rendered":"\n<p>Por Laura Garza<\/p>\n\n\n\n<p>Un d\u00eda despu\u00e9s de que decenas de mujeres del partido de Morena cerraran filas para proteger y respaldar a un ex gobernador y ahora diputado por una acusaci\u00f3n de violaci\u00f3n en grado de tentativa a finales del a\u00f1o 2023 por su hermanastra en el estado de Morelos. <\/p>\n\n\n\n<p>El l\u00edo alrededor de este diputado que m\u00e1s que pol\u00edtico es un &#8220;personaje&#8221; ha sido mayor por su mal trabajo como gobernador en el estado de Morelos, lo acompa\u00f1an ya una larga lista de quejas de supuesta corrupci\u00f3n, el incremento de inseguridad, las deficiencias en el servicio para los morelenses, acusaciones por violencia contra la mujer y una por presunta violaci\u00f3n. <\/p>\n\n\n\n<p>La fotograf\u00eda de hoy es de la presidenta Claudia Sheinbaum durante su conferencia de prensa en el Palacio Nacional, un d\u00eda despu\u00e9s de que las mujeres en el poder le dieron la espalda a todas las mujeres de a calle, de la vida real all\u00e1 afuera que enfrentan a diario un riesgo por salir a trabajar y volver a sus casas sin ninguna historia de acoso, violencia, abuso o robo.<\/p>\n\n\n\n<p>La presidenta  y su osad\u00eda de salir con el fondo de su emblema de gobierno: una mujer con rasgos ind\u00edgenas sosteniendo nuestra Bandera. Ella la describi\u00f3 as\u00ed el a\u00f1o pasado: \u201cla joven mira con firmeza y esperanza hacia la izquierda, simbolizando la lucha del pueblo por alcanzar la justicia y la libertad&#8230;.Asume con honor el legado de sus ancestras, por ello, lleva con orgullo vestimenta tradicional. Su cabello volando por el viento, evoca el avance, con paso firme, de nuestra naci\u00f3n hacia un futuro de bienestar y prosperidad\u201d.<\/p>\n\n\n\n<p>Pero a meses de tal referencia, yo dir\u00eda que representa bien lo que hasta le d\u00eda de hoy ha ofrecido la presidenta y su gobierno a las mujeres mexicanas: soledad.<\/p>\n\n\n\n<p>Veo a una joven que mira a la &#8220;izquierda&#8221; sin respuesta, no tiene ning\u00fan gesto de fortaleza y orgullo. No tiene emoci\u00f3n, no hay espacio para que hable porque sus labios est\u00e1n pegados los unos a los otros. Alza una bandera, mas no nuestro l\u00e1baro patrio porque no vemos el \u00e1guila ni sus colores, ella puede estar alzando su propia bandera, sus derechos en ella, sus injusticias, sus terribles silencios obligados porque no puede salir a acusar a un hombre que intent\u00f3 violarla, porque no servir\u00e1 de nada, la justicia no la escuchar\u00e1 y se quedar\u00e1 all\u00ed, sosteniendo su causa: sola.<\/p>\n\n\n\n<p>Qu\u00e9 iron\u00eda que hoy eligiera salir con una sonrisa y referirse al tema como una &#8220;decisi\u00f3n del Congreso&#8221; y que &#8220;no estaba enterada bien&#8221;. <\/p>\n\n\n\n<p>\u00bfSe imagina usted a un mandatario decir eso a los medios de comunicaci\u00f3n? \u00bfSe imagina la verg\u00fcenza y la humillaci\u00f3n para un jefe de estado admitir que NO est\u00e1 enterada de lo que sucede en su pa\u00eds como las principales problem\u00e1ticas? En otros gobiernos de cualquier pa\u00eds, estar\u00edan corriendo en un parpadeo al encargado de esa \u00e1rea.<\/p>\n\n\n\n<p>Pero aqu\u00ed no, aqu\u00ed no se corre a nadie, aqu\u00ed no se juzga a nadie&#8230;siempre y cuando sea de Morena.<\/p>\n\n\n\n<p>Esta imagen distribuida por la misma Presidencia de M\u00e9xico es nuevamente una burla de una presidenta que no puede autoproclamarse como la &#8220;primer mujer con la que llegaron todas&#8221; al poder, porque por lo menos la hermanastra de Cuauht\u00e9moc Blanco, no lleg\u00f3 y mire que cerca del poder s\u00ed estaba. <\/p>\n\n\n\n<p>Mientras tanto las mujeres que hoy se encuentran en una situaci\u00f3n de peligro en sus casas por la violencia de sus parejas, de sus familiares, de acosadores en la calle, en sus trabajos, en el transporte p\u00fablico; o las madres buscadoras y las madres de los peque\u00f1os de ni\u00f1os con c\u00e1ncer que batallan por conseguir un medicamento, todas ellas y todas nosotras podemos ir con nuestra bandera personal por las calles, mirando a la izquierda sin recibir respuesta, con el dolor tan grabado en nuestro rostro que no ver\u00e1 ni un solo gesto, porque no hay nada qu\u00e9 expresar. <\/p>\n\n\n\n<p> <\/p>\n\n\n\n<figure class=\"wp-block-image size-large\"><img loading=\"lazy\" decoding=\"async\" width=\"1024\" height=\"683\" src=\"https:\/\/lauragarza.com\/EnfoqueManual\/wp-content\/uploads\/2025\/03\/c3c5bfdb13f9217e47170ce8f1150e44c1468576w-1-1024x683.jpg\" alt=\"\" class=\"wp-image-967\" srcset=\"https:\/\/lauragarza.com\/EnfoqueManual\/wp-content\/uploads\/2025\/03\/c3c5bfdb13f9217e47170ce8f1150e44c1468576w-1-1024x683.jpg 1024w, https:\/\/lauragarza.com\/EnfoqueManual\/wp-content\/uploads\/2025\/03\/c3c5bfdb13f9217e47170ce8f1150e44c1468576w-1-300x200.jpg 300w, https:\/\/lauragarza.com\/EnfoqueManual\/wp-content\/uploads\/2025\/03\/c3c5bfdb13f9217e47170ce8f1150e44c1468576w-1-768x512.jpg 768w, https:\/\/lauragarza.com\/EnfoqueManual\/wp-content\/uploads\/2025\/03\/c3c5bfdb13f9217e47170ce8f1150e44c1468576w-1-1536x1024.jpg 1536w, https:\/\/lauragarza.com\/EnfoqueManual\/wp-content\/uploads\/2025\/03\/c3c5bfdb13f9217e47170ce8f1150e44c1468576w-1.jpg 1920w\" sizes=\"auto, (max-width: 1024px) 100vw, 1024px\" \/><figcaption class=\"wp-element-caption\">EFE\/Presidencia de M\u00e9xico <\/figcaption><\/figure>\n\n\n\n<p><\/p>\n\n\n\n<p><\/p>\n\n\n\n<p>Foto:. EFE\/Presidencia de M\u00e9xico\/<\/p>\n\n\n\n<p> <\/p>\n","protected":false},"excerpt":{"rendered":"<p>Por Laura Garza Un d\u00eda despu\u00e9s de que decenas de mujeres del partido de Morena cerraran filas para proteger y [&hellip;]<\/p>\n","protected":false},"author":2,"featured_media":966,"comment_status":"open","ping_status":"open","sticky":false,"template":"","format":"standard","meta":{"footnotes":""},"categories":[1],"tags":[357,190,35,58,172,44,102],"class_list":["post-965","post","type-post","status-publish","format-standard","has-post-thumbnail","hentry","category-uncategorized","tag-cuauhtemocblanco","tag-enfoquemanual","tag-imagen","tag-mexico","tag-mujeres","tag-sheinbaum","tag-violencia"],"_links":{"self":[{"href":"https:\/\/lauragarza.com\/EnfoqueManual\/wp-json\/wp\/v2\/posts\/965","targetHints":{"allow":["GET"]}}],"collection":[{"href":"https:\/\/lauragarza.com\/EnfoqueManual\/wp-json\/wp\/v2\/posts"}],"about":[{"href":"https:\/\/lauragarza.com\/EnfoqueManual\/wp-json\/wp\/v2\/types\/post"}],"author":[{"embeddable":true,"href":"https:\/\/lauragarza.com\/EnfoqueManual\/wp-json\/wp\/v2\/users\/2"}],"replies":[{"embeddable":true,"href":"https:\/\/lauragarza.com\/EnfoqueManual\/wp-json\/wp\/v2\/comments?post=965"}],"version-history":[{"count":2,"href":"https:\/\/lauragarza.com\/EnfoqueManual\/wp-json\/wp\/v2\/posts\/965\/revisions"}],"predecessor-version":[{"id":969,"href":"https:\/\/lauragarza.com\/EnfoqueManual\/wp-json\/wp\/v2\/posts\/965\/revisions\/969"}],"wp:featuredmedia":[{"embeddable":true,"href":"https:\/\/lauragarza.com\/EnfoqueManual\/wp-json\/wp\/v2\/media\/966"}],"wp:attachment":[{"href":"https:\/\/lauragarza.com\/EnfoqueManual\/wp-json\/wp\/v2\/media?parent=965"}],"wp:term":[{"taxonomy":"category","embeddable":true,"href":"https:\/\/lauragarza.com\/EnfoqueManual\/wp-json\/wp\/v2\/categories?post=965"},{"taxonomy":"post_tag","embeddable":true,"href":"https:\/\/lauragarza.com\/EnfoqueManual\/wp-json\/wp\/v2\/tags?post=965"}],"curies":[{"name":"wp","href":"https:\/\/api.w.org\/{rel}","templated":true}]}}