{"id":954,"date":"2025-03-25T20:54:33","date_gmt":"2025-03-26T02:54:33","guid":{"rendered":"https:\/\/lauragarza.com\/EnfoqueManual\/?p=954"},"modified":"2025-03-25T20:55:05","modified_gmt":"2025-03-26T02:55:05","slug":"2025-tiempos-de-hombres-misoginos-e-incendiarios","status":"publish","type":"post","link":"https:\/\/lauragarza.com\/EnfoqueManual\/2025\/03\/25\/2025-tiempos-de-hombres-misoginos-e-incendiarios\/","title":{"rendered":"2025 tiempos de hombres mis\u00f3ginos e incendiarios"},"content":{"rendered":"\n<p>Por Laura Garza<\/p>\n\n\n\n<p>J.D. Vance el vicepresidente de Estados Unidos ha dicho en muchos de sus discursos durante su carrera comentarios en contra de las mujeres, como uno que recuerdo mucho en donde dec\u00eda que las mujeres deber\u00edan de ser enviadas a una m\u00e1quina del tiempo hasta el a\u00f1o 1950.<\/p>\n\n\n\n<p>La idea de la mujer que se queda en casa, que tiene hijos y \u00fanicamente sirve a su marido sin aspirar a m\u00e1s.<\/p>\n\n\n\n<p>Eso v\u00e9alo como un pasaje de la personalidad del vicepresidente de uno de los pa\u00edses m\u00e1s poderosos del mundo, porque si seguimos con el presidente Donald Trump de quien no tengo que decir mucho de su calidad moral como hombre y la manera en que ha despreciado a la mujer durante toda su vida.<\/p>\n\n\n\n<p>Esta imagen podr\u00eda leerse de tantas maneras, pero s\u00ed le pedir\u00eda que fuera con la canci\u00f3n de fondo de James Brown \u201cIt\u00b4s a man\u00b4s, man\u00b4s, man\u00b4s world\u201d, porque as\u00ed la utiliz\u00f3 en algunos eventos Trump durante su campa\u00f1a.<\/p>\n\n\n\n<p>Lo que vemos es al secretario general de la OTAN Mark Rutte de lado izquierdo, seguido por Donald Trump, despu\u00e9s al vicepresidente JD Vance, el secretario de Defensa de Estados Unidos Pete Hegseth y el asesor de seguridad nacional Mike Waltz.<\/p>\n\n\n\n<p>Detr\u00e1s de ellos miembros de las comitivas, y atr\u00e1s de ellos la historia del poder norteamericano.<\/p>\n\n\n\n<p>\u00a1\u201dHombres, hombres, es un mundo de hombres\u201d!<\/p>\n\n\n\n<p>Una escena que ha salido de una m\u00e1quina del tiempo, pero en pleno 2025 sin ninguna mujer presente. \u00bfQu\u00e9 hubiera pasado si Kamala Harris ocupara la silla del presidente?<\/p>\n\n\n\n<p>Una imagen que representa al electorado norteamericano de las pasadas elecciones. Los j\u00f3venes que salieron a votar y eligieron a un hombre que insulta, que no tiene reparo en callarse si lo que piensa de una mujer es que es una \u201cperra\u201d y por un vicepresidente que llam\u00f3 a la rival de su candidato \u201cbasura\u201d.<\/p>\n\n\n\n<p>Una imagen de los nuevos norteamericanos que eligieron a un solo g\u00e9nero que pod\u00eda tomar el poder, porque ni las mujeres, ni mucho menos minor\u00eda con distintas orientaciones sexuales.&nbsp;<\/p>\n\n\n\n<p>Una imagen que cuestiona a la historia de ese pa\u00eds y por supuesto a la del mundo entero \u00bfesto es lo que se necesita en un mundo tan polarizado?&nbsp;<\/p>\n\n\n\n<p>Una imagen que empodera a los hombres a pesar de acosar, agredir verbalmente y sexualmente a la mujer, denigrarla y despreciarla.<\/p>\n\n\n\n<p>Es una imagen de reflexi\u00f3n y de temor.&nbsp;<\/p>\n\n\n\n<p>Una imagen ostentosa por donde le vea. El mundo \u201cdorado\u201d de Donald Trump, del multimillonario que ha podido con todo, hasta con las leyes de su pa\u00eds.<\/p>\n\n\n\n<p>\u00bfMe gustar\u00eda saber a usted qu\u00e9 le transmite esta imagen?<\/p>\n\n\n\n<p>Porque no puedo dejar de tararear \u201cIt\u00b4s a man\u00b4s, man\u00b4s, man\u00b4s world\u201d.<\/p>\n\n\n<div class=\"wp-block-image\">\n<figure class=\"aligncenter size-full\"><img loading=\"lazy\" decoding=\"async\" width=\"750\" height=\"500\" src=\"https:\/\/lauragarza.com\/EnfoqueManual\/wp-content\/uploads\/2025\/03\/XVHRYB5WB5FRPHNF5AFPUL2KH4.jpg.avif\" alt=\"\" class=\"wp-image-955\"\/><\/figure>\n<\/div>\n\n\n<p class=\"has-text-align-center\">Foto: REUTERS\/Evelyn Hockstein<\/p>\n\n\n\n<p>Columna publicada en <em><a href=\"https:\/\/www.razon.com.mx\/opinion\/2025\/03\/14\/2024-tiempos-de-hombres-misoginos-e-incendiarios\/\">Diario La Raz\u00f3n <\/a><\/em><\/p>\n","protected":false},"excerpt":{"rendered":"<p>Por Laura Garza J.D. Vance el vicepresidente de Estados Unidos ha dicho en muchos de sus discursos durante su carrera [&hellip;]<\/p>\n","protected":false},"author":2,"featured_media":955,"comment_status":"open","ping_status":"open","sticky":false,"template":"","format":"standard","meta":{"footnotes":""},"categories":[1],"tags":[],"class_list":["post-954","post","type-post","status-publish","format-standard","has-post-thumbnail","hentry","category-uncategorized"],"_links":{"self":[{"href":"https:\/\/lauragarza.com\/EnfoqueManual\/wp-json\/wp\/v2\/posts\/954","targetHints":{"allow":["GET"]}}],"collection":[{"href":"https:\/\/lauragarza.com\/EnfoqueManual\/wp-json\/wp\/v2\/posts"}],"about":[{"href":"https:\/\/lauragarza.com\/EnfoqueManual\/wp-json\/wp\/v2\/types\/post"}],"author":[{"embeddable":true,"href":"https:\/\/lauragarza.com\/EnfoqueManual\/wp-json\/wp\/v2\/users\/2"}],"replies":[{"embeddable":true,"href":"https:\/\/lauragarza.com\/EnfoqueManual\/wp-json\/wp\/v2\/comments?post=954"}],"version-history":[{"count":1,"href":"https:\/\/lauragarza.com\/EnfoqueManual\/wp-json\/wp\/v2\/posts\/954\/revisions"}],"predecessor-version":[{"id":956,"href":"https:\/\/lauragarza.com\/EnfoqueManual\/wp-json\/wp\/v2\/posts\/954\/revisions\/956"}],"wp:featuredmedia":[{"embeddable":true,"href":"https:\/\/lauragarza.com\/EnfoqueManual\/wp-json\/wp\/v2\/media\/955"}],"wp:attachment":[{"href":"https:\/\/lauragarza.com\/EnfoqueManual\/wp-json\/wp\/v2\/media?parent=954"}],"wp:term":[{"taxonomy":"category","embeddable":true,"href":"https:\/\/lauragarza.com\/EnfoqueManual\/wp-json\/wp\/v2\/categories?post=954"},{"taxonomy":"post_tag","embeddable":true,"href":"https:\/\/lauragarza.com\/EnfoqueManual\/wp-json\/wp\/v2\/tags?post=954"}],"curies":[{"name":"wp","href":"https:\/\/api.w.org\/{rel}","templated":true}]}}