{"id":941,"date":"2025-03-25T20:41:20","date_gmt":"2025-03-26T02:41:20","guid":{"rendered":"https:\/\/lauragarza.com\/EnfoqueManual\/?p=941"},"modified":"2025-03-25T20:41:23","modified_gmt":"2025-03-26T02:41:23","slug":"la-marca-mexico","status":"publish","type":"post","link":"https:\/\/lauragarza.com\/EnfoqueManual\/2025\/03\/25\/la-marca-mexico\/","title":{"rendered":"La marca M\u00e9xico"},"content":{"rendered":"\n<p>Por Laura Garza<\/p>\n\n\n\n<p>Pensar en M\u00e9xico como mexicano es traer a la mente desde el sabor a la comida, a la calidez y normalidad de un abrazo, un beso, una porra y hasta la ola en el estadio.&nbsp;<\/p>\n\n\n\n<p>Luego vendr\u00e1n nuestras cualidades no tangibles pero s\u00ed visibles, como el esfuerzo, la solidaridad, la lealtad a nuestro or\u00edgenes, las ganas de salir adelante, nuestra creatividad y hasta el emprendimiento.<\/p>\n\n\n\n<p>Pero tambi\u00e9n tenemos las cualidades negativas como todos. Tambi\u00e9n nos gusta lo f\u00e1cil, hemos aprendido al \u201cqu\u00e9 tanto es tantito\u201d, preferimos el camino corto que puede incluir una \u201cmordidita\u201d, y bueno como toda marca tiene sus dos lados y es por ello que solo existe un mercado en espec\u00edfico que la consume.<\/p>\n\n\n\n<p>M\u00e9xico es consumible por casi todo el mundo, nuestras playas, nuestra gente, nuestro clima, nuestra comida, nuestras tortillas, frutas, verduras y mucho m\u00e1s.<\/p>\n\n\n\n<p>Hoy nuestra marca se enfrenta ante un villano y un enemigo que busca desprestigiarla a como de lugar.<\/p>\n\n\n\n<p>Durante estas primeras semanas de la presidencia de Donald Trump y su tajante decisi\u00f3n de deportar a todo inmigrante ilegal, a lo cual quiz\u00e1 no est\u00e9 del todo mal a la hora de poner orden y hacer cumplir sus propias reglas en su propio pa\u00eds.<\/p>\n\n\n\n<p>Pero el problema viene de sus formas, de la carencia de humanidad y respeto a los derechos humanos de todos y cada uno de ellos.<\/p>\n\n\n\n<p>Lo que ha pasado es que han salido a las calles de Denver, Phoenix, Washington D.C. y Los \u00c1ngeles, y otras m\u00e1s hombres y mujeres mexicanas y de otras nacionalidades a defender a los suyos y a su forma de vida que les ha costado sudor, sangre y l\u00e1grimas.<\/p>\n\n\n\n<p>La foto es de algunos manifestantes en Los \u00c1ngeles ondeando la bandera mexicana, y aqu\u00ed en una imagen pero los videos que han circulado por redes sociales nos agrega el sonido de los claxons.<\/p>\n\n\n\n<p>M\u00e9xico lindo y querido. M\u00e9xico con sus colores vibrantes y el coraje de su \u00e1guila a la mitad de la sangre y la libertad.&nbsp;<\/p>\n\n\n\n<p>La chica ondea nuestra marca, nuestro pasado, presente y futuro, porque no imagino no defenderla antes, durante y despu\u00e9s de cualquier conflicto.<\/p>\n\n\n\n<p>Pero ellos tiemblan ante el futuro de poder ondear la bandera en las calles de este pa\u00eds que tanto los ha visto sufrir.<\/p>\n\n\n\n<p>Ahora, al ver tantos coches y camionetas defendiendo a M\u00e9xico, creo tambi\u00e9n que son los inmigrantes que han logrado ponerse en regla con sus papeles. Salen envalentonados y con la certeza de que si los detienen, no hay forma de de deportarlos.<\/p>\n\n\n\n<p>Pero entonces son esa generaci\u00f3n que ha crecido en Estados Unidos trabajando y dejando de lado a la familia, las historias de la cuadra, al novio, a la esposa, a los hijos.&nbsp;<\/p>\n\n\n\n<p>Ellos hacen bien a cualquier pa\u00eds, porque a diferencia de nuestro villano, no somos exportadores de fentanilo, ni todos estamos aliados con el narco, ni somos delincuentes.<\/p>\n\n\n\n<p>Esta foto representa al orgullo mexicano y la esperanza de que todo siempre avance, con la luz del sem\u00e1foro al fondo en verde.<\/p>\n\n\n\n<p>Somos amigos de los dem\u00e1s y nos volvemos aliados, aunque las banderas cambien de color.<\/p>\n\n\n\n<p>Porque eso somos los mexicanos, una marca que se contagia, y si no, basta que mire la foto e imagine el sonido de cada auto y la energ\u00eda entre cada bandera<\/p>\n\n\n\n<p>La marca M\u00e9xico es m\u00e1s de los que llegan cada seis a\u00f1os y se la buscan apropiar volvi\u00e9ndola negativa y peligrosa para el mundo.<\/p>\n\n\n\n<p>Esta marca se defiende y los mexicanos sabemos hacerlo.<\/p>\n\n\n<div class=\"wp-block-image\">\n<figure class=\"aligncenter size-full\"><img loading=\"lazy\" decoding=\"async\" width=\"750\" height=\"509\" src=\"https:\/\/lauragarza.com\/EnfoqueManual\/wp-content\/uploads\/2025\/03\/U2OPOFU4LBCE3IVPWJXAFXDDEA.png-1.avif\" alt=\"\" class=\"wp-image-943\"\/><\/figure>\n<\/div>\n\n\n<p class=\"has-text-align-center\"><br>Una mujer abordo de un autom\u00f3vil con la bandera de M\u00e9xico en su mano\u00a0<strong>\u0131<\/strong>\u00a0Foto: Reuters<\/p>\n\n\n\n<p>Columna publicada en <em><a href=\"https:\/\/www.razon.com.mx\/opinion\/2025\/02\/07\/la-marca-mexico\/\">Diario La Raz\u00f3n <\/a><\/em><\/p>\n","protected":false},"excerpt":{"rendered":"<p>Por Laura Garza Pensar en M\u00e9xico como mexicano es traer a la mente desde el sabor a la comida, a [&hellip;]<\/p>\n","protected":false},"author":2,"featured_media":943,"comment_status":"open","ping_status":"open","sticky":false,"template":"","format":"standard","meta":{"footnotes":""},"categories":[1],"tags":[],"class_list":["post-941","post","type-post","status-publish","format-standard","has-post-thumbnail","hentry","category-uncategorized"],"_links":{"self":[{"href":"https:\/\/lauragarza.com\/EnfoqueManual\/wp-json\/wp\/v2\/posts\/941","targetHints":{"allow":["GET"]}}],"collection":[{"href":"https:\/\/lauragarza.com\/EnfoqueManual\/wp-json\/wp\/v2\/posts"}],"about":[{"href":"https:\/\/lauragarza.com\/EnfoqueManual\/wp-json\/wp\/v2\/types\/post"}],"author":[{"embeddable":true,"href":"https:\/\/lauragarza.com\/EnfoqueManual\/wp-json\/wp\/v2\/users\/2"}],"replies":[{"embeddable":true,"href":"https:\/\/lauragarza.com\/EnfoqueManual\/wp-json\/wp\/v2\/comments?post=941"}],"version-history":[{"count":1,"href":"https:\/\/lauragarza.com\/EnfoqueManual\/wp-json\/wp\/v2\/posts\/941\/revisions"}],"predecessor-version":[{"id":944,"href":"https:\/\/lauragarza.com\/EnfoqueManual\/wp-json\/wp\/v2\/posts\/941\/revisions\/944"}],"wp:featuredmedia":[{"embeddable":true,"href":"https:\/\/lauragarza.com\/EnfoqueManual\/wp-json\/wp\/v2\/media\/943"}],"wp:attachment":[{"href":"https:\/\/lauragarza.com\/EnfoqueManual\/wp-json\/wp\/v2\/media?parent=941"}],"wp:term":[{"taxonomy":"category","embeddable":true,"href":"https:\/\/lauragarza.com\/EnfoqueManual\/wp-json\/wp\/v2\/categories?post=941"},{"taxonomy":"post_tag","embeddable":true,"href":"https:\/\/lauragarza.com\/EnfoqueManual\/wp-json\/wp\/v2\/tags?post=941"}],"curies":[{"name":"wp","href":"https:\/\/api.w.org\/{rel}","templated":true}]}}