{"id":874,"date":"2024-11-12T23:19:30","date_gmt":"2024-11-13T05:19:30","guid":{"rendered":"https:\/\/lauragarza.com\/EnfoqueManual\/?p=874"},"modified":"2024-11-12T23:19:33","modified_gmt":"2024-11-13T05:19:33","slug":"los-derrotados","status":"publish","type":"post","link":"https:\/\/lauragarza.com\/EnfoqueManual\/2024\/11\/12\/los-derrotados\/","title":{"rendered":"Los derrotados"},"content":{"rendered":"\n<p>Por Laura Garza<\/p>\n\n\n\n<p>La comunidad afroamericana o tambi\u00e9n conocido como el voto negro, el m\u00e1s leal hasta ahora para los dem\u00f3cratas, quedaron en su mayor\u00eda, derrotados con su voto y sus necesidades.<\/p>\n\n\n\n<p>La comunidad entre votantes blancos y negros se ha separado de polo a polo, hoy m\u00e1s que nunca unos representan a bandos distintos y radicalizados.<\/p>\n\n\n\n<p>El pasado mi\u00e9rcoles durante el primer discurso de Kamala Harris en la Universidad de Howard en Washington tras conocer los resultados que daban el triunfo a Donald Trump, el fotoperiodista Kevin Mohatt de la agencia Reuters nos regala una imagen que podr\u00eda pasar a la historia como uno de los momentos de derrota social.<\/p>\n\n\n\n<p>La fotograf\u00eda es un documento visual lleno de elementos simb\u00f3licos de un pa\u00eds que ha cambiado radicalmente de aqu\u00e9l que le abr\u00eda las puertas a todos los que quer\u00edan vivir el\u00a0<em>american dream<\/em>, al que busca a toda costa dividir, polarizar, estigmatizar por no ser un norteamericano puro y excluir.<\/p>\n\n\n\n<p>Los n\u00fameros que se han presentado post elecciones en el pa\u00eds norteamericano son claramente el ejemplo de lo que vemos en la imagen.&nbsp;<\/p>\n\n\n\n<p>Kamala Harris obtuvo el 65% de los votos de personas \u201cno-blancas\u201d, y adentr\u00e1ndonos en el tema racial, las mujeres de color son las que m\u00e1s apoyaron a la dem\u00f3crata con un 92% y 78% de hombres. Mientras que para Donald Trump el 59% fueron hombres y 52% mujeres blancas.<\/p>\n\n\n\n<p>Al igual que los datos presentados, en el apartado de razas diversas votaron m\u00e1s por Harris; pero lo que me gustar\u00eda es que estos datos con sus dimensiones las visualizara en la fotograf\u00eda que hoy me encantar\u00eda que disfrutaran conmigo.<\/p>\n\n\n\n<p>No hay manera de no ver primero la Bandera de Estados Unidos como el estandarte de ese nacionalismo irrefutable de un pa\u00eds que ha logrado que quien viva all\u00ed, se la apropie, se la impregne y la defienda en cuerpo y alma.<\/p>\n\n\n\n<p>Por debajo, la gente. Sus seguidores, quienes la apoyaron durante el tiempo de campa\u00f1a, quienes le creyeron y la hicieron una m\u00e1s de sus comunidades. Confiaron en que ser\u00edan muchos, en que el resultado les beneficiar\u00eda porque parec\u00eda que lo que m\u00e1s se necesitaba el pa\u00eds era uni\u00f3n e igualdad, pero nunca contemplaron que la mayor\u00eda quer\u00eda lo contrario.<\/p>\n\n\n\n<p>Las mujeres de primera fila ataviadas con vestidos rosas y sus collares de perlas, este estilo formal y elegante como las escenas que hemos visto en m\u00faltiples pel\u00edculas, en un domingo cualquiera para ir a la Iglesia.&nbsp;<\/p>\n\n\n\n<p>La cultura estadounidense con distintos colores de ropa, de piel, de colores y de razas en el mismo espacio de gradas. Es una foto disfrutaba visualmente por sus colores y los rostros de la gente.&nbsp;<\/p>\n\n\n\n<p>La mujer a su izquierda, la \u00fanica en la primera fila que va de jeans, playera negra, tiene la peor cara de todos. \u00bfEnojada o cansada?<\/p>\n\n\n\n<p>En la tercera fila la elegancia de quien acude cuidando su imagen junto a su pareja. M\u00e1s hacia el centro, un joven asi\u00e1tico cruzado de brazos, el resto con el mismo humor.<\/p>\n\n\n\n<p>Los derrotados, los excluidos y tambi\u00e9n fastidiados.<\/p>\n\n\n\n<p>Lo que pareciera una escena producida con un grupo de actores bien peinados, maquillados y ataviados, resulta ser un momento de tristeza, de derrota y de un sentimiento de orfandad pol\u00edtico-social.<\/p>\n\n\n\n<p>Ese mismo que muchos sentimos apenas unos meses atr\u00e1s.<\/p>\n\n\n\n<p><\/p>\n\n\n\n<p><em>Columna publicada <a href=\"https:\/\/www.razon.com.mx\/opinion\/2024\/11\/08\/los-derrotados\/\">Diario La Raz\u00f3n<\/a><\/em><\/p>\n","protected":false},"excerpt":{"rendered":"<p>Por Laura Garza La comunidad afroamericana o tambi\u00e9n conocido como el voto negro, el m\u00e1s leal hasta ahora para los [&hellip;]<\/p>\n","protected":false},"author":2,"featured_media":875,"comment_status":"open","ping_status":"open","sticky":false,"template":"","format":"standard","meta":{"footnotes":""},"categories":[1],"tags":[336,335,190,333,334],"class_list":["post-874","post","type-post","status-publish","format-standard","has-post-thumbnail","hentry","category-uncategorized","tag-democratas","tag-eleccioneseua","tag-enfoquemanual","tag-kamalaharris","tag-usaelections"],"_links":{"self":[{"href":"https:\/\/lauragarza.com\/EnfoqueManual\/wp-json\/wp\/v2\/posts\/874","targetHints":{"allow":["GET"]}}],"collection":[{"href":"https:\/\/lauragarza.com\/EnfoqueManual\/wp-json\/wp\/v2\/posts"}],"about":[{"href":"https:\/\/lauragarza.com\/EnfoqueManual\/wp-json\/wp\/v2\/types\/post"}],"author":[{"embeddable":true,"href":"https:\/\/lauragarza.com\/EnfoqueManual\/wp-json\/wp\/v2\/users\/2"}],"replies":[{"embeddable":true,"href":"https:\/\/lauragarza.com\/EnfoqueManual\/wp-json\/wp\/v2\/comments?post=874"}],"version-history":[{"count":1,"href":"https:\/\/lauragarza.com\/EnfoqueManual\/wp-json\/wp\/v2\/posts\/874\/revisions"}],"predecessor-version":[{"id":876,"href":"https:\/\/lauragarza.com\/EnfoqueManual\/wp-json\/wp\/v2\/posts\/874\/revisions\/876"}],"wp:featuredmedia":[{"embeddable":true,"href":"https:\/\/lauragarza.com\/EnfoqueManual\/wp-json\/wp\/v2\/media\/875"}],"wp:attachment":[{"href":"https:\/\/lauragarza.com\/EnfoqueManual\/wp-json\/wp\/v2\/media?parent=874"}],"wp:term":[{"taxonomy":"category","embeddable":true,"href":"https:\/\/lauragarza.com\/EnfoqueManual\/wp-json\/wp\/v2\/categories?post=874"},{"taxonomy":"post_tag","embeddable":true,"href":"https:\/\/lauragarza.com\/EnfoqueManual\/wp-json\/wp\/v2\/tags?post=874"}],"curies":[{"name":"wp","href":"https:\/\/api.w.org\/{rel}","templated":true}]}}