{"id":862,"date":"2024-11-12T23:15:10","date_gmt":"2024-11-13T05:15:10","guid":{"rendered":"https:\/\/lauragarza.com\/EnfoqueManual\/?p=862"},"modified":"2024-11-12T23:15:12","modified_gmt":"2024-11-13T05:15:12","slug":"fernando-valenzuela-recuerdos-en-blanco-y-negro","status":"publish","type":"post","link":"https:\/\/lauragarza.com\/EnfoqueManual\/2024\/11\/12\/fernando-valenzuela-recuerdos-en-blanco-y-negro\/","title":{"rendered":"Fernando Valenzuela: recuerdos en blanco y negro"},"content":{"rendered":"\n<p>Por Laura Garza<\/p>\n\n\n\n<p>Fernando Valenzuela se ha ido y nos ha devuelto los recuerdos, las fotos en blanco y negro, las narraciones m\u00edticas del beisbol y las tardes con nuestro padre mientras nos hablaba del mejor beisbolista mexicano en la historia.<\/p>\n\n\n\n<p>Hemos comenzado a convertirnos en la generaci\u00f3n que pierde a nuestros \u00eddolos de la infancia, y sobre todo a los que fuimos heredando de la admiraci\u00f3n de nuestros padres.<\/p>\n\n\n\n<p>En el deporte el \u201cToro\u201d Valenzuela es uno de ellos, y comenzamos a quedarnos como en un limbo de la historia en donde los m\u00e1s j\u00f3venes no tienen ni idea de qui\u00e9n era, y nosotros los menos j\u00f3venes empalmamos la historia con los recuerdos propios.<\/p>\n\n\n\n<p>Pero hay quienes entraron en su adolescencia siendo testigos de un mexicano jugando en las Grandes Ligas, en blanco y negro y a color, pero no a uno en 4K, era un color de colores opacos, y una imagen granulada.<\/p>\n\n\n\n<p>Eran otros tiempos y as\u00ed se ve\u00eda bien.<\/p>\n\n\n\n<p>Seguramente ha le\u00eddo y escuchado toda su historia durante estos d\u00edas, y es que a los seguidores del Beisbol en el mundo les ha impactado la noticia.<\/p>\n\n\n\n<p>El hombre que pudo presumir seis nombramientos al Juego de Estrellas, ganar el Premio a Novato del a\u00f1o y Cy Young, y haberle ganado a los Yankees lanzando las nueve entradas en casi 150 pitcheos en aquella Serie Mundial hace 43 a\u00f1os.<\/p>\n\n\n\n<p>Esta foto es magn\u00edfico ejemplo para hablar de esos tiempos del blanco y negro, de hace 43 a\u00f1os cuando Valenzuela, siendo el lanzador mexicano de los Dodgers de Los \u00c1ngeles era ba\u00f1ado de champa\u00f1a por el tambi\u00e9n lanzador \u201cBuff\u201d Tom Niedenfuer despu\u00e9s de ganar el t\u00edtulo de la Liga Nacional ante los Expos el 19 de octubre para despu\u00e9s enfrentarse a los Yankees.<\/p>\n\n\n\n<p>El momento es \u00e9pico y fue capturado por el fot\u00f3grafo MacAlpine, quien comenzara su carrera de manera profesional por all\u00e1 de 1980.<\/p>\n\n\n\n<p>Una foto rescatada de su archivo, un negativo bien conservado, bien digitalizado y all\u00ed uno de los momentos m\u00e1s felices de un mexicano que no imagin\u00f3 nunca tener ese \u00e9xito a nivel mundial.<\/p>\n\n\n\n<p>De una familia humilde, fue descubierto por un cazatalentos, se fue a Estados Unidos y el resto es historia. Hoy cientos de personas han colocado distintos tipos de altares en Estados Unidos y M\u00e9xico, cientos de deportistas han emitido su p\u00e9same, Clubes deportivos, personalidades pol\u00edticas internacionales, entre otros.<\/p>\n\n\n\n<p>La fotograf\u00eda es perfecta, los chorros de champa\u00f1a congelada mientras caen por el rostro de Valenzuela, la mirada directa de Tom en su haza\u00f1a traviesa por celebrar a uno de los jugadores m\u00e1s importantes del equipo.<\/p>\n\n\n\n<p>Los detalles del uniforme, la chamarra hist\u00f3rica de aquellos campeones, el vestidor con un estilo b\u00e1sico y elemental, no como los que son ahora.<\/p>\n\n\n\n<p>El negativo puede haberse da\u00f1ado un poco y por ello vemos esas manchas blancas, o quiz\u00e1 el mismo lente en el momento del festejo pudo haberse quedado sucio. Pero el flash nos deja claro el rostro de Fernando Valenzuela.<\/p>\n\n\n\n<p>Creemos que las fotograf\u00edas de triunfos son cuando se alza la mirada, el rostro mira hacia el cielo y se alza el trofeo, pero yo dir\u00eda que en este momento en el que ni siquiera vemos los ojos de \u201cel Toro\u201d nos representa eso y m\u00e1s.<\/p>\n\n\n\n<p>La intimidad que ten\u00eda un fot\u00f3grafo en esos tiempos, porque est\u00e1 cerca de la emoci\u00f3n del reconocimiento que recibe el mexicano, sin saber lo que terminar\u00eda logrando frente a los Yankees en el tercer juego de la Serie Mundial en el Dodger Stadium.<\/p>\n\n\n\n<p>Quiz\u00e1 su entrega al beisbol era todo o nada, una relaci\u00f3n de vida y muerte, estar en \u00e9l o no estar y estos \u00faltimos meses que fue alejado de \u00e9l por problemas de salud se le fueron apagando las ganas de seguir.<\/p>\n\n\n\n<p>No sabremos nunca si a la hora de alejarse tanto de lo que uno ama y nuestro cuerpo comienza a fallar, los recuerdos que llegan a la mente llegan a color o en blanco y negro, si vienen escenas como estas en donde el sabor de la champa\u00f1a puedes sentirlo en los labios, con los gritos euf\u00f3ricos de la gente en el estadio, con las miradas de los amigos y los compa\u00f1eros en el vestuario.<\/p>\n\n\n\n<p>Hoy nos llegan los recuerdos a quienes vimos c\u00f3mo un hombre mexicano pudo llegar tan lejos, hacer historia, gozar lo que amaba hacer y convertirse en un im\u00e1n para hombres y mujeres hasta crear una \u201cFernandoman\u00eda\u201d en la que todos quer\u00edan estar.<\/p>\n\n\n\n<p>El recuerdo m\u00e1s impactante siempre ser\u00e1 en blanco y negro, porque representan nuestros primeros a\u00f1os de historias personales, como la emoci\u00f3n de nuestro padre al celebrar una Serie Mundial o que simplemente un mexicano pudo con los gringos y nuestra ingenuidad.<\/p>\n\n\n\n<p>Por esto nos duelen estas p\u00e9rdidas, no solo por lo que fueron en el deporte, sino porque nos advierte que \u201cnuestros viejos\u201d se nos hacen grandes y nosotros nos vamos quedamos hu\u00e9rfanos de \u00eddolos de la infancia.<\/p>\n\n\n\n<p><\/p>\n\n\n\n<p><em>Columna publicada <a href=\"https:\/\/www.razon.com.mx\/opinion\/2024\/10\/26\/fernando-valenzuela-recuerdos-en-blanco-y-negro\/\">Diario La Raz\u00f3n<\/a><\/em><\/p>\n\n\n\n<p>Foto: Archivo AP<\/p>\n","protected":false},"excerpt":{"rendered":"<p>Por Laura Garza Fernando Valenzuela se ha ido y nos ha devuelto los recuerdos, las fotos en blanco y negro, [&hellip;]<\/p>\n","protected":false},"author":2,"featured_media":864,"comment_status":"open","ping_status":"open","sticky":false,"template":"","format":"standard","meta":{"footnotes":""},"categories":[1],"tags":[190,332,331],"class_list":["post-862","post","type-post","status-publish","format-standard","has-post-thumbnail","hentry","category-uncategorized","tag-enfoquemanual","tag-fernandovalenzuela","tag-valenzuela"],"_links":{"self":[{"href":"https:\/\/lauragarza.com\/EnfoqueManual\/wp-json\/wp\/v2\/posts\/862","targetHints":{"allow":["GET"]}}],"collection":[{"href":"https:\/\/lauragarza.com\/EnfoqueManual\/wp-json\/wp\/v2\/posts"}],"about":[{"href":"https:\/\/lauragarza.com\/EnfoqueManual\/wp-json\/wp\/v2\/types\/post"}],"author":[{"embeddable":true,"href":"https:\/\/lauragarza.com\/EnfoqueManual\/wp-json\/wp\/v2\/users\/2"}],"replies":[{"embeddable":true,"href":"https:\/\/lauragarza.com\/EnfoqueManual\/wp-json\/wp\/v2\/comments?post=862"}],"version-history":[{"count":2,"href":"https:\/\/lauragarza.com\/EnfoqueManual\/wp-json\/wp\/v2\/posts\/862\/revisions"}],"predecessor-version":[{"id":865,"href":"https:\/\/lauragarza.com\/EnfoqueManual\/wp-json\/wp\/v2\/posts\/862\/revisions\/865"}],"wp:featuredmedia":[{"embeddable":true,"href":"https:\/\/lauragarza.com\/EnfoqueManual\/wp-json\/wp\/v2\/media\/864"}],"wp:attachment":[{"href":"https:\/\/lauragarza.com\/EnfoqueManual\/wp-json\/wp\/v2\/media?parent=862"}],"wp:term":[{"taxonomy":"category","embeddable":true,"href":"https:\/\/lauragarza.com\/EnfoqueManual\/wp-json\/wp\/v2\/categories?post=862"},{"taxonomy":"post_tag","embeddable":true,"href":"https:\/\/lauragarza.com\/EnfoqueManual\/wp-json\/wp\/v2\/tags?post=862"}],"curies":[{"name":"wp","href":"https:\/\/api.w.org\/{rel}","templated":true}]}}