{"id":831,"date":"2024-11-12T23:00:42","date_gmt":"2024-11-13T05:00:42","guid":{"rendered":"https:\/\/lauragarza.com\/EnfoqueManual\/?p=831"},"modified":"2024-11-12T23:00:45","modified_gmt":"2024-11-13T05:00:45","slug":"ella-es-elena-rios","status":"publish","type":"post","link":"https:\/\/lauragarza.com\/EnfoqueManual\/2024\/11\/12\/ella-es-elena-rios\/","title":{"rendered":"Ella es Elena R\u00edos"},"content":{"rendered":"\n<p>Por LAURA GARZA<\/p>\n\n\n\n<p>Ella es Mar\u00eda Elena R\u00edos, mujer de origen mixteca y en su vida profesional saxofonista. A ella le lanzaron \u00e1cido muri\u00e1tico en Huajuapan de Le\u00f3n, Oaxaca el 9 de septiembre de 2019.<\/p>\n\n\n\n<p>Quien fuera su pareja, Vera Carrizal envi\u00f3 a dos hombres para atacarla con \u00e1cido. Uno de ellos toc\u00f3 la puerta, entr\u00f3 a su casa, se sent\u00f3 en el sof\u00e1 que ella ten\u00eda en el espacio en donde trabajaba y esper\u00f3 a que Elena se sentara en su escritorio donde le daba la espalda.<\/p>\n\n\n\n<p>En ese momento, \u00e9l se par\u00f3 y decidi\u00f3 vaciarle el bote que tra\u00eda lleno de \u00e1cido muri\u00e1tico. El l\u00edquido cay\u00f3 en su rostro y el cuerpo entero.<\/p>\n\n\n\n<p>Ella grit\u00f3 lo que todos gritamos al correr peligro o enfrentarnos a \u00e9l \u201c\u00a1Mam\u00e1!\u201d, por suerte ella estaba all\u00ed al interior de la casa, pero en ese abrazo, la se\u00f1ora tambi\u00e9n se quem\u00f3 la piel.<\/p>\n\n\n\n<p>La urgencia, la desesperaci\u00f3n, la impotencia y el dolor la sacaron de su casa para buscar ayuda. Primero al consultorio que estaba frente a su casa, pero no hab\u00eda nadie, despu\u00e9s a una est\u00e9tica, en donde encontr\u00f3 una tina de agua que se ech\u00f3 al cuerpo ya casi desnudo porque su ropa hab\u00eda desaparecido, como su paz y seguridad.<\/p>\n\n\n\n<p>Ella es Mar\u00eda Elena R\u00edos la que usted ve en la fotograf\u00eda, la que nos mira solo de un lado y la que se cubre su rostro con sus manos y brazos marcados por el odio de su expareja.<\/p>\n\n\n\n<p>El mismo hombre que la atac\u00f3 violentamente durante su relaci\u00f3n, el que no crey\u00f3 que era suficiente denigrarla por su origen ind\u00edgena, o por sus trenzas o por hacerla sentir un objeto cuando le dec\u00eda \u201cque ten\u00eda que obedecerlo\u201d.<\/p>\n\n\n\n<p>\u00c9l como tantos otros hombres en nuestro pa\u00eds y en el mundo.<\/p>\n\n\n\n<p>Ella como tantas mujeres en nuestro pa\u00eds y en el mundo: lastimada, violentada, herida y por momentos, muerta en vida.<\/p>\n\n\n\n<p>Ella que nos mira con solo un ojo, porque el otro est\u00e1 cansado de mirar injusticias tras injusticias en su caso.<\/p>\n\n\n\n<p>Se cubre la boca porque el sistema, ll\u00e1mele usted machista o no, la quiere silenciar, pero sus cicatrices del \u00e1cido en su cuerpo son el grito a cuatro vientos de lo que pas\u00f3.<\/p>\n\n\n\n<p>Ella lleva cinco a\u00f1os luchando por su vida, su libertad y justicia. Tuvo vigilancia, se la quitaron, el juez le llam\u00f3 \u201cmentirosa\u201d, a su abogada la quitaron del caso porque \u201cno le conven\u00eda\u201d porque aguant\u00f3 todo tipo de presiones y defend\u00eda a una mujer que hab\u00eda recibido \u00e1cido muri\u00e1tico en su rostro y cuerpo y ni siquiera lo consideraban como una tentativa de homicidio ni mucho menos feminicidio, suma siete cirug\u00edas por sanar su cuerpo y hasta hoy contin\u00faa recibiendo mensajes de odio y repudio en redes sociales por alzar la voz, por ser valiente y sobre v i v i r.<\/p>\n\n\n\n<p>Es ella con quienes nos unimos ayer TODAS las mujeres, cuando el el juez Ram\u00edrez Monta\u00f1o decidi\u00f3 absolver, a trav\u00e9s de una sesi\u00f3n por videollamada al presunto agresorJuan Antonio Vera Carrizal. Por suerte horas despu\u00e9s, hubo un fallo, aunque ir\u00f3nicamente, todav\u00eda habr\u00e1 que esperar al 21 de agosto para llevar otra audiencia donde se juzga el delito de \u201ctentativa\u201d de feminicidio, como si hubiera m\u00e1s qu\u00e9 probar. Rid\u00edculos.<\/p>\n\n\n\n<p>Tantas mujeres que vamos por sus cicatrices, por su impotencia, por su dolor, por su enojo y por su energ\u00eda de exclamar justicia ante la violencia a la mujer y la permisividad de nuestro sistema.<\/p>\n\n\n\n<p>Ella es Elena R\u00edos.<\/p>\n\n\n\n<p><\/p>\n\n\n\n<p><em>Columna publicada en <a href=\"https:\/\/www.razon.com.mx\/opinion\/2024\/08\/16\/ella-es-elena-rios\/\">Diario La Raz\u00f3n<\/a><\/em><\/p>\n","protected":false},"excerpt":{"rendered":"<p>Por LAURA GARZA Ella es Mar\u00eda Elena R\u00edos, mujer de origen mixteca y en su vida profesional saxofonista. A ella [&hellip;]<\/p>\n","protected":false},"author":2,"featured_media":832,"comment_status":"open","ping_status":"open","sticky":false,"template":"","format":"standard","meta":{"footnotes":""},"categories":[1],"tags":[328,190,302,35],"class_list":["post-831","post","type-post","status-publish","format-standard","has-post-thumbnail","hentry","category-uncategorized","tag-elenarios","tag-enfoquemanual","tag-feminicidio","tag-imagen"],"_links":{"self":[{"href":"https:\/\/lauragarza.com\/EnfoqueManual\/wp-json\/wp\/v2\/posts\/831","targetHints":{"allow":["GET"]}}],"collection":[{"href":"https:\/\/lauragarza.com\/EnfoqueManual\/wp-json\/wp\/v2\/posts"}],"about":[{"href":"https:\/\/lauragarza.com\/EnfoqueManual\/wp-json\/wp\/v2\/types\/post"}],"author":[{"embeddable":true,"href":"https:\/\/lauragarza.com\/EnfoqueManual\/wp-json\/wp\/v2\/users\/2"}],"replies":[{"embeddable":true,"href":"https:\/\/lauragarza.com\/EnfoqueManual\/wp-json\/wp\/v2\/comments?post=831"}],"version-history":[{"count":1,"href":"https:\/\/lauragarza.com\/EnfoqueManual\/wp-json\/wp\/v2\/posts\/831\/revisions"}],"predecessor-version":[{"id":833,"href":"https:\/\/lauragarza.com\/EnfoqueManual\/wp-json\/wp\/v2\/posts\/831\/revisions\/833"}],"wp:featuredmedia":[{"embeddable":true,"href":"https:\/\/lauragarza.com\/EnfoqueManual\/wp-json\/wp\/v2\/media\/832"}],"wp:attachment":[{"href":"https:\/\/lauragarza.com\/EnfoqueManual\/wp-json\/wp\/v2\/media?parent=831"}],"wp:term":[{"taxonomy":"category","embeddable":true,"href":"https:\/\/lauragarza.com\/EnfoqueManual\/wp-json\/wp\/v2\/categories?post=831"},{"taxonomy":"post_tag","embeddable":true,"href":"https:\/\/lauragarza.com\/EnfoqueManual\/wp-json\/wp\/v2\/tags?post=831"}],"curies":[{"name":"wp","href":"https:\/\/api.w.org\/{rel}","templated":true}]}}