{"id":824,"date":"2024-11-12T22:55:31","date_gmt":"2024-11-13T04:55:31","guid":{"rendered":"https:\/\/lauragarza.com\/EnfoqueManual\/?p=824"},"modified":"2024-11-12T22:56:57","modified_gmt":"2024-11-13T04:56:57","slug":"venezuela-un-retrato-de-autoritarismo","status":"publish","type":"post","link":"https:\/\/lauragarza.com\/EnfoqueManual\/2024\/11\/12\/venezuela-un-retrato-de-autoritarismo\/","title":{"rendered":"Venezuela: un retrato de autoritarismo"},"content":{"rendered":"\n<p>Por Laura Garza<\/p>\n\n\n\n<p>Todos recordamos que Nicol\u00e1s Maduro tom\u00f3 el poder de Venezuela el 8 de marzo de 2013 tras la muerte del populista Hugo Ch\u00e1vez. Es decir, hace once a\u00f1os que el pa\u00eds venezolano se ha desquebrajado en pedazos.<\/p>\n\n\n\n<p>Este domingo 28 de julio celebraron comicios electorales y parec\u00eda que esta vez la oposici\u00f3n ganar\u00eda. A diferencia de a\u00f1os pasados, esta vez hubo candidato de oposici\u00f3n, a\u00fan e imposibilitando a Mar\u00eda Corina Machado la verdadera l\u00edder de la gente.<\/p>\n\n\n\n<p>Pero ni las im\u00e1genes que pudimos ver en donde cientos y miles de personas salieron a las calles a expresar su hartazgo, y su urgente necesidad por hacer valer su democracia y quitar al dictador en el poder, fueron suficientes.<\/p>\n\n\n\n<p>Las protestas en las calles iniciaron en el primer minuto que se enunci\u00f3 que Nicol\u00e1s Maduro hab\u00eda ganado con el 51.2% de los votos.<\/p>\n\n\n\n<p>Un tipo que ha destruido la econom\u00eda de las familias venezolanas, que cerr\u00f3 el acceso a mercados internacionales, tan solo la inflaci\u00f3n ascendi\u00f3 a m\u00e1s del 55%, ha llevado a su pa\u00eds a una crisis humanitaria de exilio y hambruna.<\/p>\n\n\n\n<p>Nosotros como mexicanos ya tenemos amigos venezolanos, o sabemos de alguno que lleg\u00f3 a nuestro pa\u00eds con el objetivo de sobre-vivir de una manera distinta.<\/p>\n\n\n\n<p>Con datos de la ONU son m\u00e1s de 8 millones de refugiados y migrantes, los niveles de pobreza han ido en una avalancha en materia de vivienda, protecci\u00f3n social, educaci\u00f3n y servicios p\u00fablicos que los ubican en el \u00faltimo lugar de Am\u00e9rica Latina con el menor ingreso m\u00ednimo.<\/p>\n\n\n\n<p>Esto por hacer un muy breve resumen. El populismo de Nicol\u00e1s Maduro ha acabado con la vida de millones de venezolanos, los ha torturado, los ha perseguido, los ha obligado a salir del pa\u00eds por no opinar como \u00e9l, por no aplaudir su falta de humanidad.<\/p>\n\n\n\n<p>Por eso la gente se encendi\u00f3 desde que dieron los resultados en Venezuela y en cada una de las embajadas en otros pa\u00edses.<\/p>\n\n\n\n<p>La gente lloraba de coraje, de impotencia; se tiraban al piso, se abrazaban ente ellos, fueron testigos de un fraude que les rob\u00f3 de las manos la esperanza de salir adelante, y de hacer justicia.<\/p>\n\n\n\n<p>La fotograf\u00eda del fotoperiodista Leonardo Fern\u00e1ndez Viloria de Reuters en Venezuela es el ejemplo del abuso de poder dictado por Nicol\u00e1s Maduro, el secuestrador de un pueblo entero.<\/p>\n\n\n\n<p>La Guardia Nacional detiene a un joven que protestaba en la calle contra el actual gobierno, contra la impunidad, la injusticia y el insulto directo de un sistema a la sociedad.<\/p>\n\n\n\n<p>Tres miembros de la Guardia contra un joven que a la visa no se encuentra armado y una mujer que lo protege y trata de proteger, mientras un guardia lo toma y lo somete.<\/p>\n\n\n\n<p>Una escena que lleva m\u00e1s de 11 a\u00f1os, un retrato del autoritarismo, de las voces tomadas y oprimidas.<\/p>\n\n\n\n<p>Una escena que dicta la tiran\u00eda de un hombre obsesionado con el poder y que evidencia el \u201cba\u00f1o de sangre\u201d con el que amenaz\u00f3 Maduro si no ganaba.<\/p>\n\n\n\n<p>Hay muertos durante estas protestas, se han documentado 11 pero de acuerdo a datos de Human Rights Watch superan la cifra supera m\u00e1s de 20.<\/p>\n\n\n\n<p>\u00bfA d\u00f3nde se llevar\u00e1n al joven? \u00bfLa mujer podr\u00e1 volver a verlo? \u00bfSe llevar\u00e1n tambi\u00e9n a ella? Mientras tanto \u00e9l ya es parte de los miles de civiles detenidos por protestar, por exigir, por gritar de hambre y de coraje.<\/p>\n\n\n\n<p>Es doloroso ver esta imagen, atestiguar la injusticia que lleva nombre y apellido y que \u00e9ste, sea apoyado por presidentes de otros pa\u00edses, como el nuestro.<\/p>\n\n\n\n<p>\u00a1Fuerza Venezuela!<\/p>\n\n\n\n<p><\/p>\n\n\n\n<p><em>Columna publicada en <a href=\"https:\/\/www.razon.com.mx\/opinion\/2024\/08\/02\/venezuela-un-retrato-de-autoritarismo\/\">Diario La Raz\u00f3n<\/a><\/em><\/p>\n","protected":false},"excerpt":{"rendered":"<p>Por Laura Garza Todos recordamos que Nicol\u00e1s Maduro tom\u00f3 el poder de Venezuela el 8 de marzo de 2013 tras [&hellip;]<\/p>\n","protected":false},"author":2,"featured_media":825,"comment_status":"open","ping_status":"open","sticky":false,"template":"","format":"standard","meta":{"footnotes":""},"categories":[1],"tags":[120],"class_list":["post-824","post","type-post","status-publish","format-standard","has-post-thumbnail","hentry","category-uncategorized","tag-venezuela"],"_links":{"self":[{"href":"https:\/\/lauragarza.com\/EnfoqueManual\/wp-json\/wp\/v2\/posts\/824","targetHints":{"allow":["GET"]}}],"collection":[{"href":"https:\/\/lauragarza.com\/EnfoqueManual\/wp-json\/wp\/v2\/posts"}],"about":[{"href":"https:\/\/lauragarza.com\/EnfoqueManual\/wp-json\/wp\/v2\/types\/post"}],"author":[{"embeddable":true,"href":"https:\/\/lauragarza.com\/EnfoqueManual\/wp-json\/wp\/v2\/users\/2"}],"replies":[{"embeddable":true,"href":"https:\/\/lauragarza.com\/EnfoqueManual\/wp-json\/wp\/v2\/comments?post=824"}],"version-history":[{"count":2,"href":"https:\/\/lauragarza.com\/EnfoqueManual\/wp-json\/wp\/v2\/posts\/824\/revisions"}],"predecessor-version":[{"id":827,"href":"https:\/\/lauragarza.com\/EnfoqueManual\/wp-json\/wp\/v2\/posts\/824\/revisions\/827"}],"wp:featuredmedia":[{"embeddable":true,"href":"https:\/\/lauragarza.com\/EnfoqueManual\/wp-json\/wp\/v2\/media\/825"}],"wp:attachment":[{"href":"https:\/\/lauragarza.com\/EnfoqueManual\/wp-json\/wp\/v2\/media?parent=824"}],"wp:term":[{"taxonomy":"category","embeddable":true,"href":"https:\/\/lauragarza.com\/EnfoqueManual\/wp-json\/wp\/v2\/categories?post=824"},{"taxonomy":"post_tag","embeddable":true,"href":"https:\/\/lauragarza.com\/EnfoqueManual\/wp-json\/wp\/v2\/tags?post=824"}],"curies":[{"name":"wp","href":"https:\/\/api.w.org\/{rel}","templated":true}]}}