{"id":812,"date":"2024-11-12T22:50:08","date_gmt":"2024-11-13T04:50:08","guid":{"rendered":"https:\/\/lauragarza.com\/EnfoqueManual\/?p=812"},"modified":"2024-11-12T22:50:11","modified_gmt":"2024-11-13T04:50:11","slug":"el-poder-tambien-se-transmite-por-la-imagen","status":"publish","type":"post","link":"https:\/\/lauragarza.com\/EnfoqueManual\/2024\/11\/12\/el-poder-tambien-se-transmite-por-la-imagen\/","title":{"rendered":"El poder tambi\u00e9n se transmite por la imagen"},"content":{"rendered":"\n<p>Por LAURA GARZA <\/p>\n\n\n\n<p>Pareciera que todo en el mundo est\u00e1 siendo trastocado por el tiempo: las bases de la pol\u00edtica, la econom\u00eda y la sociedad.<\/p>\n\n\n\n<p>Las democracias han perdido su valor, el populismo ha permeado en las sociedades m\u00e1s fr\u00e1giles, y Estados Unidos est\u00e1 envejeciendo ante el mundo.<\/p>\n\n\n\n<p>El pa\u00eds vecino ha perdido poder\u00edo y vitalidad. Lejos se ven George W.Bush, Bill Clinton o la energ\u00eda de Barack Obama, y ni se diga del discurso de poder y odio de Donald Trump.<\/p>\n\n\n\n<p>Personajes que ten\u00edan claro la importancia de la imagen pol\u00edtica internacional. El saber c\u00f3mo hacer entender al mundo entero que las respuestas las ten\u00edan ellos, que el poder sal\u00eda de la Casa Blanca y que cualquier ciudadano en el mundo quisiera una mejor vida, era en Estados Unidos.<\/p>\n\n\n\n<p>El pa\u00eds \u201cperfecto\u201d dej\u00f3 de serlo al elegir a un personaje como Donald Trump, pero el que la propia pol\u00edtica estadounidense quiera sostener a un presidente que no puede contener la fuerza de quienes siempre han cre\u00eddo la superioridad mundial.<\/p>\n\n\n\n<p>Las fotograf\u00edas que hoy vemos, y que curiosamente se encuentran en la mayor\u00eda de las agencias internacionales noticiosas, es con el mismo tipo de encuadre, todas son en close up a su rostro.<\/p>\n\n\n\n<p>En estas dos im\u00e1genes vemos a Joe Biden con una mirada perdida, sin saber a d\u00f3nde observa, con sus manos una sobre la otra, retenido, y sin entender qu\u00e9 pasa por su cabeza para realizar el siguiente movimiento.<\/p>\n\n\n\n<p>La incertidumbre de su equipo de trabajo en cada evento ha de ser terrible. Hay quienes sufren cuando sus presidentes se salen del guion, dejan de leer el Tele-Trumper o no sabe enfrentar las cr\u00edticas, pero el equipo de campa\u00f1a y de comunicaci\u00f3n de La Casa Blanca ha de estar en tratamiento constante para equilibrar su ansiedad, nerviosismo y una atenci\u00f3n perfecta para tratar de resolver cada conflicto en el que su propio jefe los pueda meter.<\/p>\n\n\n\n<p>Joe Biden, es un hombre de 81 a\u00f1os que si se mantuviera como el presidente el siguiente periodo estar\u00eda terminando en los 86 a\u00f1os parece que no terminar\u00eda del todo coherente y sano.<\/p>\n\n\n\n<p>Los Jefes de Estado son, en su mayor\u00eda, gracias al equipo competente a su alrededor, ll\u00e1mese su Gabinete principalmente y los que los rodean; son ellos los que plantean las iniciativas y las posibles soluciones a los problemas de una naci\u00f3n entera, pero Joe Biden no puede dejar todo en mano de los dem\u00e1s.<\/p>\n\n\n\n<p>Es Estados Unidos, es la naci\u00f3n que puede con y contra todos. \u00bfQu\u00e9 pasar\u00e1 ahora?<\/p>\n\n\n\n<p>El pa\u00eds m\u00e1s admirado y al que tantos hombres y mujeres desean llegar para cumplir un sue\u00f1o que hasta hoy no sabemos si siga existiendo, est\u00e1 entre un candidato que envejece y otro que est\u00e1 en proceso de ir preso y lleno de odio para todo lo que no pertenezca a la &#8220;casta&#8221; norteamericana.<\/p>\n\n\n\n<p>Biden podr\u00e1 no tener problemas mentales, pero s\u00ed tiene una edad que no cumple con los requisitos de un pa\u00eds que requiere mantenerse en la hegemon\u00eda pol\u00edtica. La fragilidad que demuestra en cada evento, se remite a cada decisi\u00f3n.<\/p>\n\n\n\n<p>El exceso de cirug\u00edas y maquillaje en su rostro no son suficientes para ocultar los 80 a\u00f1os de quien fuera incansable en la pol\u00edtica en su pa\u00eds, pero Estados Unidos necesita a un hombre que devuelva la vitalidad al pa\u00eds que ya le abri\u00f3 la puerta al odio y al racismo, y eso no puede volver a pasar.<\/p>\n\n\n\n<p>El poder tambi\u00e9n se transmite por la imagen.<\/p>\n\n\n\n<p><\/p>\n\n\n\n<p><em>Columna publicada en el<a href=\"https:\/\/www.razon.com.mx\/opinion\/2024\/07\/05\/el-poder-tambien-se-transmite-por-la-imagen\/\"> Diario La Raz\u00f3n<\/a><\/em><\/p>\n","protected":false},"excerpt":{"rendered":"<p>Por LAURA GARZA Pareciera que todo en el mundo est\u00e1 siendo trastocado por el tiempo: las bases de la pol\u00edtica, [&hellip;]<\/p>\n","protected":false},"author":2,"featured_media":813,"comment_status":"open","ping_status":"open","sticky":false,"template":"","format":"standard","meta":{"footnotes":""},"categories":[1],"tags":[],"class_list":["post-812","post","type-post","status-publish","format-standard","has-post-thumbnail","hentry","category-uncategorized"],"_links":{"self":[{"href":"https:\/\/lauragarza.com\/EnfoqueManual\/wp-json\/wp\/v2\/posts\/812","targetHints":{"allow":["GET"]}}],"collection":[{"href":"https:\/\/lauragarza.com\/EnfoqueManual\/wp-json\/wp\/v2\/posts"}],"about":[{"href":"https:\/\/lauragarza.com\/EnfoqueManual\/wp-json\/wp\/v2\/types\/post"}],"author":[{"embeddable":true,"href":"https:\/\/lauragarza.com\/EnfoqueManual\/wp-json\/wp\/v2\/users\/2"}],"replies":[{"embeddable":true,"href":"https:\/\/lauragarza.com\/EnfoqueManual\/wp-json\/wp\/v2\/comments?post=812"}],"version-history":[{"count":1,"href":"https:\/\/lauragarza.com\/EnfoqueManual\/wp-json\/wp\/v2\/posts\/812\/revisions"}],"predecessor-version":[{"id":814,"href":"https:\/\/lauragarza.com\/EnfoqueManual\/wp-json\/wp\/v2\/posts\/812\/revisions\/814"}],"wp:featuredmedia":[{"embeddable":true,"href":"https:\/\/lauragarza.com\/EnfoqueManual\/wp-json\/wp\/v2\/media\/813"}],"wp:attachment":[{"href":"https:\/\/lauragarza.com\/EnfoqueManual\/wp-json\/wp\/v2\/media?parent=812"}],"wp:term":[{"taxonomy":"category","embeddable":true,"href":"https:\/\/lauragarza.com\/EnfoqueManual\/wp-json\/wp\/v2\/categories?post=812"},{"taxonomy":"post_tag","embeddable":true,"href":"https:\/\/lauragarza.com\/EnfoqueManual\/wp-json\/wp\/v2\/tags?post=812"}],"curies":[{"name":"wp","href":"https:\/\/api.w.org\/{rel}","templated":true}]}}