{"id":803,"date":"2024-11-12T22:44:57","date_gmt":"2024-11-13T04:44:57","guid":{"rendered":"https:\/\/lauragarza.com\/EnfoqueManual\/?p=803"},"modified":"2024-11-12T22:45:00","modified_gmt":"2024-11-13T04:45:00","slug":"ganamos-todos-o-perdemos-todos","status":"publish","type":"post","link":"https:\/\/lauragarza.com\/EnfoqueManual\/2024\/11\/12\/ganamos-todos-o-perdemos-todos\/","title":{"rendered":"Ganamos todos o perdemos todos"},"content":{"rendered":"\n<p>Por Laura Garza<\/p>\n\n\n\n<p>La victoria del partido del actual gobierno tiene nombre y apellido desde hace mucho tiempo, al igual para quienes perdieron en la contienda electoral por la presidencia de este pa\u00eds.<\/p>\n\n\n\n<p>Al igual que quien triunfa, el que pierde tambi\u00e9n tiene nombre y apellido y en este caso son cuatro.<\/p>\n\n\n\n<p>No perdi\u00f3 la candidata de la oposici\u00f3n X\u00f3chitl G\u00e1lvez, sino las tres cabezas que le acompa\u00f1aron y le planearon la campa\u00f1a por todo el pa\u00eds, as\u00ed que Alejandro Moreno, presidente del Partido Revolucionario Institucional, Marko Cort\u00e9s, presidente del Partido Acci\u00f3n Nacional y Jes\u00fas Zambrano presidente del Partido de la Revoluci\u00f3n Democr\u00e1tica.<\/p>\n\n\n\n<p>Es curioso que, en la c\u00fapula pol\u00edtica opositora, todav\u00eda quieran sostenerse bajo la divisi\u00f3n de \u201cnosotros no perdimos\u201d, la que perdi\u00f3 fue la candidata y a una semana y media de los comicios electorales no hayan emitido ninguna declaraci\u00f3n con respecto a su derrota estrat\u00e9gica y como l\u00edderes de partidos pol\u00edticos que pareciera que se han vuelto obsoletos por su nula capacidad de adaptarse a las \u201cnuevas\u201d narrativas.<\/p>\n\n\n\n<p>En la foto tomada por el fotoperiodista mexicano Luis Cort\u00e9s para la agencia REUTERS, vemos a las tres cabezas de los partidos que conformaron la Alianza y a X\u00f3chitl en la misma l\u00ednea, y por supuesto a parte del equipo de campa\u00f1a.<\/p>\n\n\n\n<p>En esa \u201csalida en falso\u201d cantando una supuesta victoria, el ambiente era de j\u00fabilo, mas no de uni\u00f3n. La diferencia entre cada personaje es obvia a la vista y siempre lo fue durante el tiempo de campa\u00f1a.<\/p>\n\n\n\n<p>Alito Moreno del PRI siempre se mantuvo haciendo campa\u00f1a a su favor, mientras hubiera posibilidad, \u00e9l aparec\u00eda con esas camisas con su nombre en grande, mientras que Marko Cort\u00e9s tambi\u00e9n peleaba su lugar a un costado de la candidata a como fuera lugar, y Zambrano en la posici\u00f3n que le tocaba, siendo tercero fue lo m\u00e1s discreto o por lo menos su personalidad nunca compiti\u00f3 con los otros dos, pero unidos: jam\u00e1s.<\/p>\n\n\n\n<p>Esa tarde del domingo 2 de enero, en su primera salida los vemos alegres, todos con la mano alzada (derecha e izquierda) para cantar un falso c\u00e1ntico de triunfo.<\/p>\n\n\n\n<p>Pero el post de esta imagen, es la divisi\u00f3n en la que concluyeron el proceso. El dirigente del PAN dando declaraciones de una pelea directa y personal con la ex candidata. Alejandro Moreno en silencio con respecto al d\u00eda D, pero planeando encuentros para generar consensos entre empresarios y legisladores.<\/p>\n\n\n\n<p>Jes\u00fas Zambrano planeando el final de un partido que esta vez no alcanz\u00f3 la minor\u00eda para mantenerse con vida en el escenario pol\u00edtico.<\/p>\n\n\n\n<p>Lo \u00fanico que han dejado ver es que X\u00f3chitl G\u00e1lvez iba sola, y como perdi\u00f3, la dejaron a\u00fan m\u00e1s sola y entonces cada quien se encuentra \u201cgritando\u201d a los cuatro vientos que olvidemos el fracaso y nos concentremos en las pr\u00f3ximas reformas del gobierno en turno.<\/p>\n\n\n\n<p>Pero no, aqu\u00ed todos pierden o todos ganan y lamento decirles que los tres partidos y la candidata perdieron.<\/p>\n\n\n\n<p>Es de los m\u00e1s divisorio e infantil, las declaraciones del presidente del Partido de Acci\u00f3n Nacional porque solo evidencia que G\u00e1lvez se queda con la raz\u00f3n de c\u00f3mo ha narrado la relaci\u00f3n con ella.<\/p>\n\n\n\n<p>No Alito, no Marko, no Jes\u00fas, los tres perdieron y por lo tanto, hicieron perder a la candidata de la oposici\u00f3n.<\/p>\n\n\n\n<p>No importa si ella hizo una llamada que les disgust\u00f3, porque despu\u00e9s de ello tampoco se levantaron LOS TRES partidos en uni\u00f3n por un solo discurso de defender lo indefendible.<\/p>\n\n\n\n<p>No quieran pasar el bal\u00f3n a quien se la pas\u00f3 corriendo de lado a lado, mientras que ustedes desde la banca no se pararon ni 5 minutos a ver c\u00f3mo iba el juego.<\/p>\n\n\n\n<p>Siempre hay una foto que evidencia la verdad o la mentira.<\/p>\n\n\n\n<p><\/p>\n\n\n\n<p><em>Columna publicada en el <a href=\"https:\/\/www.razon.com.mx\/opinion\/2024\/06\/15\/ganamos-todos-o-perdemos-todos\/\">Diario La Raz\u00f3n <\/a><\/em><\/p>\n","protected":false},"excerpt":{"rendered":"<p>Por Laura Garza La victoria del partido del actual gobierno tiene nombre y apellido desde hace mucho tiempo, al igual [&hellip;]<\/p>\n","protected":false},"author":2,"featured_media":804,"comment_status":"open","ping_status":"open","sticky":false,"template":"","format":"standard","meta":{"footnotes":""},"categories":[1],"tags":[],"class_list":["post-803","post","type-post","status-publish","format-standard","has-post-thumbnail","hentry","category-uncategorized"],"_links":{"self":[{"href":"https:\/\/lauragarza.com\/EnfoqueManual\/wp-json\/wp\/v2\/posts\/803","targetHints":{"allow":["GET"]}}],"collection":[{"href":"https:\/\/lauragarza.com\/EnfoqueManual\/wp-json\/wp\/v2\/posts"}],"about":[{"href":"https:\/\/lauragarza.com\/EnfoqueManual\/wp-json\/wp\/v2\/types\/post"}],"author":[{"embeddable":true,"href":"https:\/\/lauragarza.com\/EnfoqueManual\/wp-json\/wp\/v2\/users\/2"}],"replies":[{"embeddable":true,"href":"https:\/\/lauragarza.com\/EnfoqueManual\/wp-json\/wp\/v2\/comments?post=803"}],"version-history":[{"count":1,"href":"https:\/\/lauragarza.com\/EnfoqueManual\/wp-json\/wp\/v2\/posts\/803\/revisions"}],"predecessor-version":[{"id":805,"href":"https:\/\/lauragarza.com\/EnfoqueManual\/wp-json\/wp\/v2\/posts\/803\/revisions\/805"}],"wp:featuredmedia":[{"embeddable":true,"href":"https:\/\/lauragarza.com\/EnfoqueManual\/wp-json\/wp\/v2\/media\/804"}],"wp:attachment":[{"href":"https:\/\/lauragarza.com\/EnfoqueManual\/wp-json\/wp\/v2\/media?parent=803"}],"wp:term":[{"taxonomy":"category","embeddable":true,"href":"https:\/\/lauragarza.com\/EnfoqueManual\/wp-json\/wp\/v2\/categories?post=803"},{"taxonomy":"post_tag","embeddable":true,"href":"https:\/\/lauragarza.com\/EnfoqueManual\/wp-json\/wp\/v2\/tags?post=803"}],"curies":[{"name":"wp","href":"https:\/\/api.w.org\/{rel}","templated":true}]}}