{"id":667,"date":"2024-04-01T23:53:13","date_gmt":"2024-04-02T05:53:13","guid":{"rendered":"https:\/\/lauragarza.com\/EnfoqueManual\/?p=667"},"modified":"2024-04-01T23:55:01","modified_gmt":"2024-04-02T05:55:01","slug":"de-actos-de-campana-a-escenas-de-crimen","status":"publish","type":"post","link":"https:\/\/lauragarza.com\/EnfoqueManual\/2024\/04\/01\/de-actos-de-campana-a-escenas-de-crimen\/","title":{"rendered":"De actos de campa\u00f1a a escenas de crimen"},"content":{"rendered":"\n<p>Por Laura <em>Garza<\/em><\/p>\n\n\n\n<p>Como si fuera un reality de mal gusto en tiempos electorales, ya van m\u00e1s de 20 candidatos que son asesinados y que nadie cree que es tan grave. <\/p>\n\n\n\n<p>Los abrazos no est\u00e1n funcionando y los candidatos est\u00e1n quedando solos ante grupos organizados y mal\u00e9volos que act\u00faan con la permisividad de un gobierno que les ha abierto las puertas en los estados de Sinaloa, Michoac\u00e1n, Guerrero, Oaxaca, Tabasco, Guanajuato y Estado de M\u00e9xico, por decir algunos.<\/p>\n\n\n\n<p>C\u00f3mo si fuera un reality show donde por primera vez presenciamos actos pol\u00edticos que terminan en escenas de crimen.&nbsp;<\/p>\n\n\n\n<p>El d\u00eda de hoy asesinaron a tiros a la candidata por morena a la alcald\u00eda de Celaya, un estado que desde hace mucho a cambiado su tranquilidad por violencia. No olvidemos que all\u00ed masacraron a 11 j\u00f3venes que pasaban la noche en una posada navide\u00f1a en Salvatierra.<\/p>\n\n\n\n<p>La foto que hoy presento fue tomada por el fotoperiodista Luis Ram\u00edrez mientras una gente de servicios periciales revisa el lugar en donde la candidata Bertha Gisela Gait\u00e1n Guti\u00e9rrez fue asesinada.<\/p>\n\n\n\n<p>No est\u00e1 sobre una tarima, no est\u00e1 rodeada de gente, no tiene a su equipo de trabajo alrededor, no hay fot\u00f3grafos documentando su acto de campa\u00f1a, no hay nada que la ubique como una candidata haciendo su trabajo.<\/p>\n\n\n\n<p>Al contrario de todo esto, lo que vemos es una escena de crimen, en donde yace un cuerpo bocabajo con camisa blanca, pantalones oscuros, tenis blancos, y alrededor de ella los tri\u00e1ngulos que se\u00f1alan elementos que forman parte del crimen.<\/p>\n\n\n\n<p>Todo se traduce a la soledad y el abandono de un cuerpo junto a un poste y una banqueta que no tienen historia.&nbsp;<\/p>\n\n\n\n<p>Dos guardias al fondo sin nada que hacer, siempre en el despu\u00e9s, sin proteger a hombres y mujeres por igual y a cualquier hora. Uno le da la espalda al cuerpo de Gisela, el otro con las manos sosteniendo su chaleco antibalas en se\u00f1al de qu\u00e9 no puede hacer nada m\u00e1s que ver.<\/p>\n\n\n\n<p>Bien dijeron que estas elecciones iban a ser hist\u00f3ricas, y lo est\u00e1n siendo, no s\u00f3lo porque es totalmente seguro que tendremos por primera vez a una mujer presidenta, hoy iniciando el segundo mes de campa\u00f1as de manera oficial y siguen asesinando a candidatas y candidatos en estados que ninguna autoridad federal ha podido entrar a defender a los ciudadanos y por lo que vemos ni a sus propios candidatos.<\/p>\n\n\n\n<p>Gisela la \u00fanica mujer Candidata a Celaya dec\u00eda en sus eventos que juntos encontrar\u00edan el valor para enfrentar el miedo y reinventar las cosas en su ciudad, lamentablemente la dejaron sola y hasta hoy por la noche el partido al que pertenec\u00eda no ha emitido ning\u00fan comentario, ni mucho un p\u00e9same.<\/p>\n\n\n\n<p>En la foto est\u00e1 sola, la dejaron sola y sin importar el partido al que representaba, su muerte es un trofeo para el crimen organizado y una gran p\u00e9rdida humana.&nbsp;&nbsp;<\/p>\n\n\n\n<p>Nadie pensar\u00eda que la mujer en el piso era una candidata a la alcald\u00eda de Celaya que terminaba un acto en donde hab\u00eda presentado su estrategia de seguridad, sin duda creer\u00edamos que ser\u00eda una escena para ocupar un espacio en las p\u00e1ginas de la nota roja.<\/p>\n\n\n\n<p>Como bien dijo el ex embajador Ricardo Pascoe en su m\u00e1s reciente columna en el peri\u00f3dico el Heraldo:\u00a0\u00a0<em>\u201cEl acto criminal ser\u00e1 la norma, no la excepci\u00f3n.<\/em>\u201d\u00a0Y ya lo estamos presenciando porque esto no es un reality, ni tampoco una serie de abrazos.<\/p>\n","protected":false},"excerpt":{"rendered":"<p>Por Laura Garza Como si fuera un reality de mal gusto en tiempos electorales, ya van m\u00e1s de 20 candidatos [&hellip;]<\/p>\n","protected":false},"author":2,"featured_media":668,"comment_status":"open","ping_status":"open","sticky":false,"template":"","format":"standard","meta":{"footnotes":""},"categories":[1],"tags":[34,165,190,244,58,84,102],"class_list":["post-667","post","type-post","status-publish","format-standard","has-post-thumbnail","hentry","category-uncategorized","tag-amlo","tag-celaya","tag-enfoquemanual","tag-giselagaytan","tag-mexico","tag-morena","tag-violencia"],"_links":{"self":[{"href":"https:\/\/lauragarza.com\/EnfoqueManual\/wp-json\/wp\/v2\/posts\/667","targetHints":{"allow":["GET"]}}],"collection":[{"href":"https:\/\/lauragarza.com\/EnfoqueManual\/wp-json\/wp\/v2\/posts"}],"about":[{"href":"https:\/\/lauragarza.com\/EnfoqueManual\/wp-json\/wp\/v2\/types\/post"}],"author":[{"embeddable":true,"href":"https:\/\/lauragarza.com\/EnfoqueManual\/wp-json\/wp\/v2\/users\/2"}],"replies":[{"embeddable":true,"href":"https:\/\/lauragarza.com\/EnfoqueManual\/wp-json\/wp\/v2\/comments?post=667"}],"version-history":[{"count":4,"href":"https:\/\/lauragarza.com\/EnfoqueManual\/wp-json\/wp\/v2\/posts\/667\/revisions"}],"predecessor-version":[{"id":674,"href":"https:\/\/lauragarza.com\/EnfoqueManual\/wp-json\/wp\/v2\/posts\/667\/revisions\/674"}],"wp:featuredmedia":[{"embeddable":true,"href":"https:\/\/lauragarza.com\/EnfoqueManual\/wp-json\/wp\/v2\/media\/668"}],"wp:attachment":[{"href":"https:\/\/lauragarza.com\/EnfoqueManual\/wp-json\/wp\/v2\/media?parent=667"}],"wp:term":[{"taxonomy":"category","embeddable":true,"href":"https:\/\/lauragarza.com\/EnfoqueManual\/wp-json\/wp\/v2\/categories?post=667"},{"taxonomy":"post_tag","embeddable":true,"href":"https:\/\/lauragarza.com\/EnfoqueManual\/wp-json\/wp\/v2\/tags?post=667"}],"curies":[{"name":"wp","href":"https:\/\/api.w.org\/{rel}","templated":true}]}}