{"id":577,"date":"2024-01-25T12:08:56","date_gmt":"2024-01-25T18:08:56","guid":{"rendered":"https:\/\/lauragarza.com\/EnfoqueManual\/?p=577"},"modified":"2024-01-25T12:08:59","modified_gmt":"2024-01-25T18:08:59","slug":"con-los-ninos-no-o-como-era","status":"publish","type":"post","link":"https:\/\/lauragarza.com\/EnfoqueManual\/2024\/01\/25\/con-los-ninos-no-o-como-era\/","title":{"rendered":"Con los ni\u00f1os no \u00bfo c\u00f3mo era?"},"content":{"rendered":"\n<p>Por Laura Garza<\/p>\n\n\n\n<p>La 4T ha alcanzado a la ni\u00f1ez y no precisamente como nos gustar\u00eda que fuera, porque en la educaci\u00f3n las fallas y carencias van en aumento, las pruebas acad\u00e9micas lo demuestran. En materia de inseguridad, los peque\u00f1os siguen enfrentando una realidad dura, ruda y dolorosa, como la peque\u00f1a que vio c\u00f3mo asesinaban a sus padres a balazos y ella con una bala en la pierna no paraba de pedir ayuda en la carretera.&nbsp;<\/p>\n\n\n\n<p>La 4T dejar\u00e1 marcados a los ni\u00f1os de por vida y a sus padres, por aquellos que perdieron la vida y los que contin\u00faan en la batalla contra el c\u00e1ncer y la falta de medicamentos y material necesario en los hospitales para ser atendidos.<\/p>\n\n\n\n<p>Pareciera que la 4T ha decidido ignorarlos, con todo y que desde que lleg\u00f3 el presidente marc\u00f3 como un&nbsp;<em>statement&nbsp;<\/em>\u201ccon los ni\u00f1os no\u201d, aunque a decir verdad y a casi seis a\u00f1os de eso, solo pensaba en los suyos, no en los nuestros y en todos.<\/p>\n\n\n\n<p>Seg\u00fan datos de la RNPDNO, el Registro Nacional de personas desaparecidas y no localizadas, al a\u00f1o pasado se hab\u00edan reportado que de 93,044 ni\u00f1as, ni\u00f1os y adolescentes desaparecidos, no localizados o localizados, uno de cada cinco continuaba sin ser localizadas.<\/p>\n\n\n\n<p>La 4T les ha quitado la ni\u00f1ez y les ha dado armas, desde hace un par de a\u00f1os ya hab\u00edamos visto esta reprobable acci\u00f3n de armar a los ni\u00f1os en el estado de Guerrero, y el d\u00eda de ayer de nueva cuenta se oficializ\u00f3 la incorporaci\u00f3n de menores a las autodefensas en la comunidad de Ayahualtempa, en el municipio de Joaqu\u00edn de Herrera.<\/p>\n\n\n\n<p>Razones podr\u00e1n haber muchas, pero la m\u00e1s importante es que no hay NADIE que los proteja y defienda del crimen organizado.<\/p>\n\n\n\n<p>Son ni\u00f1os y ni\u00f1as de entre 11 y 15 a\u00f1os se han quedado al mando de su comunidad para que un grupo de adultos pudieran salir a buscar a una familia desaparecida desde principios de mes.<\/p>\n\n\n\n<p>La foto tomada por Luis De la Cruz para EFE, es tan INFANTIL, tan natural y adecuadamente para cuatro ni\u00f1os que posan en medio de la cancha de la escuela queriendo parecer adultos y protectores, pero no lo son.<\/p>\n\n\n\n<p>Las camisetas largas les evidencia su peque\u00f1a estatura y su reducido cuerpo. El pasamonta\u00f1a y el paliacate como objetos representativos de los \u201cgrandes\u201d que para bien o mal, esconden su identidad y les da una valent\u00eda para da\u00f1ar, proteger y matar.<\/p>\n\n\n\n<p>El primer ni\u00f1o o adolescente a la izquierda, con una mano en la bolsa del pantal\u00f3n para sostener y hacer equilibrio entre la enorme responsabilidad que ya carga en su mano derecha.<\/p>\n\n\n\n<p>Mira como si quisiera odiar o como si la verg\u00fcenza por estar frente a todos, lo hiciera mirar a la nada. Pero se mantiene firme y parece saber a qu\u00e9 va.<\/p>\n\n\n\n<p>El segundo, con un pasamonta\u00f1a hechizo, m\u00e1s ni\u00f1o que el primero, bien fajado, con su cintur\u00f3n bien puesto y una imagen m\u00e1s formal para la nueva posici\u00f3n que el pueblo le acaba de brindar, pero en su rostro podemos interpretar que \u201cest\u00e1 porque le dijeron que hab\u00eda que estar\u201d pero es un ni\u00f1o. El arma es casi de su estatura, tiene que saber tomarla bien porque puede que ella le gane a \u00e9l.<\/p>\n\n\n\n<p>El tercer chiquillo, toma fuere el arma la tiene de lado como si fuera a mostrarla, pero quiz\u00e1 as\u00ed se le acomodaba mejor. De nuevo su mirada hacia al frente, por la orden de mirar hacia esa direcci\u00f3n, el pantal\u00f3n m\u00e1s largo y su mano al frente, natural y sin mucho qu\u00e9 hacer.<\/p>\n\n\n\n<p>El cuarto ni\u00f1o es EL personaje de la imagen de cuatro ni\u00f1os que han sido elegidos para formar parte de las autodefensas de su comunidad. La playera larga, doblada un poco con la mochila cruzada y simular que no le queda tan grande, su paliacate gastado que quiz\u00e1 era de su pap\u00e1, de su mam\u00e1, del abuelo o de alguien m\u00e1s. El m\u00e1s alto que todos, pero el m\u00e1s ni\u00f1o de los cuatro.<\/p>\n\n\n\n<p>El chavito los voltea a ver para saber qu\u00e9 est\u00e1n haciendo, a qui\u00e9nes est\u00e1n mirando, c\u00f3mo sostienen el arma, c\u00f3mo se paran, o qu\u00e9 hacen.<\/p>\n\n\n\n<p>La bendita infancia en donde cada d\u00eda se descubre algo nuevo y lo que se descubre es tan sorprendente que los hace sentir los m\u00e1s valientes, dichosos y afortunados.<\/p>\n\n\n\n<p>Son ni\u00f1os que estar\u00e1n a cargo de las mujeres all\u00ed detr\u00e1s.&nbsp;<\/p>\n\n\n\n<p>Los ni\u00f1os deber\u00edan de estar vistiendo prendas de colores, corriendo de un lado a otro mientras ense\u00f1an sus dientes, sus sonrisas y sus esperanzas.<\/p>\n\n\n\n<p>A los ni\u00f1os no los deber\u00edamos de colocar en medio de la cancha para darles responsabilidades de grandes y de malos grandes, perd\u00f3n, pero a partir de ahora ellos pueden matar, quiz\u00e1 no con esa intenci\u00f3n, las primeras veces, pero lo har\u00e1n si es necesario. Y despu\u00e9s del primero, el resto ser\u00e1 parte del d\u00eda a d\u00eda.<\/p>\n\n\n\n<p>La 4T le ha fallado al pueblo (como les gusta decirnos) entero. La 4T le ha fallado a la ni\u00f1ez sin distinci\u00f3n alguna.<\/p>\n\n\n\n<p>La 4T defiende a los ni\u00f1os, pero solo a los hijos de quien vive en un palacio, los dem\u00e1s deben de aprender a defenderse por s\u00ed mismo.<\/p>\n","protected":false},"excerpt":{"rendered":"<p>Por Laura Garza La 4T ha alcanzado a la ni\u00f1ez y no precisamente como nos gustar\u00eda que fuera, porque en [&hellip;]<\/p>\n","protected":false},"author":2,"featured_media":578,"comment_status":"open","ping_status":"open","sticky":false,"template":"","format":"standard","meta":{"footnotes":""},"categories":[1],"tags":[97,34,194,192,184,196,94,182,193,195],"class_list":["post-577","post","type-post","status-publish","format-standard","has-post-thumbnail","hentry","category-uncategorized","tag-4t","tag-amlo","tag-armas","tag-autodefensas","tag-c-o-2","tag-conlosninosno","tag-guerrero","tag-inseguridad","tag-ninos","tag-ninosarmados"],"_links":{"self":[{"href":"https:\/\/lauragarza.com\/EnfoqueManual\/wp-json\/wp\/v2\/posts\/577","targetHints":{"allow":["GET"]}}],"collection":[{"href":"https:\/\/lauragarza.com\/EnfoqueManual\/wp-json\/wp\/v2\/posts"}],"about":[{"href":"https:\/\/lauragarza.com\/EnfoqueManual\/wp-json\/wp\/v2\/types\/post"}],"author":[{"embeddable":true,"href":"https:\/\/lauragarza.com\/EnfoqueManual\/wp-json\/wp\/v2\/users\/2"}],"replies":[{"embeddable":true,"href":"https:\/\/lauragarza.com\/EnfoqueManual\/wp-json\/wp\/v2\/comments?post=577"}],"version-history":[{"count":1,"href":"https:\/\/lauragarza.com\/EnfoqueManual\/wp-json\/wp\/v2\/posts\/577\/revisions"}],"predecessor-version":[{"id":579,"href":"https:\/\/lauragarza.com\/EnfoqueManual\/wp-json\/wp\/v2\/posts\/577\/revisions\/579"}],"wp:featuredmedia":[{"embeddable":true,"href":"https:\/\/lauragarza.com\/EnfoqueManual\/wp-json\/wp\/v2\/media\/578"}],"wp:attachment":[{"href":"https:\/\/lauragarza.com\/EnfoqueManual\/wp-json\/wp\/v2\/media?parent=577"}],"wp:term":[{"taxonomy":"category","embeddable":true,"href":"https:\/\/lauragarza.com\/EnfoqueManual\/wp-json\/wp\/v2\/categories?post=577"},{"taxonomy":"post_tag","embeddable":true,"href":"https:\/\/lauragarza.com\/EnfoqueManual\/wp-json\/wp\/v2\/tags?post=577"}],"curies":[{"name":"wp","href":"https:\/\/api.w.org\/{rel}","templated":true}]}}