{"id":561,"date":"2024-01-12T22:29:34","date_gmt":"2024-01-13T04:29:34","guid":{"rendered":"https:\/\/lauragarza.com\/EnfoqueManual\/?p=561"},"modified":"2024-01-12T22:29:37","modified_gmt":"2024-01-13T04:29:37","slug":"las-malas-costumbres","status":"publish","type":"post","link":"https:\/\/lauragarza.com\/EnfoqueManual\/2024\/01\/12\/las-malas-costumbres\/","title":{"rendered":"Las malas costumbres"},"content":{"rendered":"\n<p>Por Laura Garza<\/p>\n\n\n\n<p>D\u00eda con d\u00eda nos vamos acostumbrando al bombardeo de informaci\u00f3n, a las opiniones polarizadas, a las cifras reales y a las inventadas, al dolor ajeno y a ser part\u00edcipe de todo y al mismo tiempo de nada.&nbsp;<\/p>\n\n\n\n<p>Los mexicanos hemos ido aprendiendo generaci\u00f3n tras generaci\u00f3n a permitir los m\u00e1s vehementes abusos por parte del poder, a normalizar la corrupci\u00f3n como un estilo de vida de auto beneficio, a ver cifras de muertos, a votar por \u201cel menos pior\u201d, a quejarnos y sobre todo a no accionarnos.<\/p>\n\n\n\n<p>Cuando pasa una elecci\u00f3n crece la esperanza de que la siguiente generaci\u00f3n se involucre a\u00fan m\u00e1s como una sociedad civil comprometida con lo que sucede en su colonia, en su municipio, en su ciudad, en su estado y en su pa\u00eds.<\/p>\n\n\n\n<p>Pero pareciera que no, que los pol\u00edticos y las malas costumbres adoptadas y enriquecidas con los a\u00f1os han causado el efecto merecido en los j\u00f3venes y reci\u00e9n generaciones.<\/p>\n\n\n\n<p>Ignorar lo que pasa o acostumbrarse a que lo que pasa no me afecta.&nbsp;<\/p>\n\n\n\n<p>Los temas van y vienen, y suelen ser los mismos porque las problem\u00e1ticas sociales se han profundizado o mejor dicho agonizado durante estos \u00faltimos seis a\u00f1os.&nbsp;<\/p>\n\n\n\n<p>Las personas desaparecidas y sus madres buscadoras, hombres y mujeres que no volvieron a casa han pasado a ser una n\u00famero, una cifra que representa la tremenda crisis en la que estamos envueltos como sociedad y pa\u00eds ante un gobierno inhumano&nbsp;&nbsp;y descarado que decidi\u00f3 eliminar a \u201calgunos cuantos\u201d para hacer una estad\u00edstica m\u00e1s favorecedora para sus resultados sexenales.<\/p>\n\n\n\n<p>Las madres buscadoras, familias de todo el pa\u00eds que contin\u00faan viajando a la capital para protestar, exigir, y colocar las fotograf\u00edas de sus hijos y los de alguien m\u00e1s.<\/p>\n\n\n\n<p>La foto tomada por la gran Sash\u00e9nka Guti\u00e9rrez de EFE, es durante esta semana frente a la Secretar\u00eda de Gobernaci\u00f3n, aqu\u00ed en la Ciudad de M\u00e9xico en donde madres y padres reclamaron la \u201cnueva\u201d cifra que el Gobierno mexicano aport\u00f3 sobre los desaparecidos.<\/p>\n\n\n\n<p>Los familiares vinieron a gritar que lo que ellos dicen es una cifra \u201crid\u00edcula\u201d, y creo que hasta se vieron limitados porque es una cifra insultante y humillante.&nbsp;<\/p>\n\n\n\n<p>\u00bfQu\u00e9 n\u00fameros eliminaron? \u00bfSu hijo habr\u00e1 sido parte de esos n\u00fameros? \u00bfA caso eligieron entre hombres y mujeres para bajar la cifra real? \u00bfHabr\u00e1n tomado un borrador para quitar un n\u00famero por otro? \u00bfCu\u00e1ntas veces oprimieron la tecla \u201cdelete\u201d en el teclado de su computadora?\u201d<\/p>\n\n\n\n<p>Y lo peor entre tantas preguntas sin respuestas, es el silencio por parte del Ejecutivo para todos ellos. Siempre con un muro de concreto de por medio, unas rejas o elementos de la Guardia Nacional.<\/p>\n\n\n\n<p>La mujer, la madre a\u00fan porta la fotograf\u00eda de su hijo que no regres\u00f3. Una nueva hoja, una impresi\u00f3n m\u00e1s para que no se vea maltratada, para que se vea clara la mirada de \u00e9l, quien nunca m\u00e1s volvi\u00f3 a mirarla.<\/p>\n\n\n\n<p>Las fotos en el piso, donde quedan fuera de las miradas, porque ni siquiera las autoridades son capaces de detenerse a ver rostro por rostro.<\/p>\n\n\n\n<p>No hay imagen que no duela, que no encienda las fibras de coraje. Las y los desaparecidos de este pa\u00eds van quedando en el olvido y en la mala costumbre de creer que \u201cotra vez\u201d vinieron sus padres a protestar a la Ciudad de M\u00e9xico.<\/p>\n\n\n\n<p>La violencia y la inseguridad han ido en aumento, as\u00ed como la inoperancia del gobierno. Los rostros fijos en las fotos ya no est\u00e1n, solo queda que sus familiares y nosotros como sociedad sigamos exigiendo, hablando de ello y sobre todo, no caer en el olvido a la hora de salir a votar el pr\u00f3ximo julio.<\/p>\n\n\n\n<p>Que no heredemos las malas costumbres de ignorar lo que pasa, y eso est\u00e1 en salir a botar a quienes han ignorado la voz de tantos que han exclamado su ayuda y ahora hasta han sido borrados, como una cifra que no tuvo nombre ni apellido.&nbsp;<\/p>\n","protected":false},"excerpt":{"rendered":"<p>Por Laura Garza D\u00eda con d\u00eda nos vamos acostumbrando al bombardeo de informaci\u00f3n, a las opiniones polarizadas, a las cifras [&hellip;]<\/p>\n","protected":false},"author":2,"featured_media":562,"comment_status":"open","ping_status":"open","sticky":false,"template":"","format":"standard","meta":{"footnotes":""},"categories":[1],"tags":[],"class_list":["post-561","post","type-post","status-publish","format-standard","has-post-thumbnail","hentry","category-uncategorized"],"_links":{"self":[{"href":"https:\/\/lauragarza.com\/EnfoqueManual\/wp-json\/wp\/v2\/posts\/561","targetHints":{"allow":["GET"]}}],"collection":[{"href":"https:\/\/lauragarza.com\/EnfoqueManual\/wp-json\/wp\/v2\/posts"}],"about":[{"href":"https:\/\/lauragarza.com\/EnfoqueManual\/wp-json\/wp\/v2\/types\/post"}],"author":[{"embeddable":true,"href":"https:\/\/lauragarza.com\/EnfoqueManual\/wp-json\/wp\/v2\/users\/2"}],"replies":[{"embeddable":true,"href":"https:\/\/lauragarza.com\/EnfoqueManual\/wp-json\/wp\/v2\/comments?post=561"}],"version-history":[{"count":1,"href":"https:\/\/lauragarza.com\/EnfoqueManual\/wp-json\/wp\/v2\/posts\/561\/revisions"}],"predecessor-version":[{"id":563,"href":"https:\/\/lauragarza.com\/EnfoqueManual\/wp-json\/wp\/v2\/posts\/561\/revisions\/563"}],"wp:featuredmedia":[{"embeddable":true,"href":"https:\/\/lauragarza.com\/EnfoqueManual\/wp-json\/wp\/v2\/media\/562"}],"wp:attachment":[{"href":"https:\/\/lauragarza.com\/EnfoqueManual\/wp-json\/wp\/v2\/media?parent=561"}],"wp:term":[{"taxonomy":"category","embeddable":true,"href":"https:\/\/lauragarza.com\/EnfoqueManual\/wp-json\/wp\/v2\/categories?post=561"},{"taxonomy":"post_tag","embeddable":true,"href":"https:\/\/lauragarza.com\/EnfoqueManual\/wp-json\/wp\/v2\/tags?post=561"}],"curies":[{"name":"wp","href":"https:\/\/api.w.org\/{rel}","templated":true}]}}