{"id":552,"date":"2024-01-10T20:54:27","date_gmt":"2024-01-11T02:54:27","guid":{"rendered":"https:\/\/lauragarza.com\/EnfoqueManual\/?p=552"},"modified":"2024-01-10T20:56:15","modified_gmt":"2024-01-11T02:56:15","slug":"ecuador-en-alerta","status":"publish","type":"post","link":"https:\/\/lauragarza.com\/EnfoqueManual\/2024\/01\/10\/ecuador-en-alerta\/","title":{"rendered":"Ecuador en alerta"},"content":{"rendered":"\n<p><em>Por Laura Garza<\/em><\/p>\n\n\n\n<p>Qu\u00e9 tan lejos podemos estar entre un pa\u00eds y otro en Am\u00e9rica Latina, cuando las crisis comienzan a parecerse, cuando son cientos de miles los que deciden cruzar por nuestro pa\u00eds para llegar hasta<em>&nbsp;el otro lado<\/em>.<\/p>\n\n\n\n<p>M\u00e9xico como el testigo, una especie de pap\u00e1 grande que sirve de camino para cumplir sue\u00f1os o coartarlos con desgracias.<\/p>\n\n\n\n<p>Los latinos, tan igual y tan distintos. Tan gustosos de la m\u00fasica y el f\u00fatbol, tan chicharacheros y tan v\u00edctimas de nuestras propias decisiones como la de elegir mal a sus presidentes.<\/p>\n\n\n\n<p>Todos hemos ca\u00eddo en la verborrea cargada de polarizaci\u00f3n y sed de venganza. Todos.&nbsp;<\/p>\n\n\n\n<p>Ecuador tan lejos, pero tan cerca. Una crisis m\u00e1s que nos alerta y que no deber\u00edamos de perder de vista.&nbsp;<\/p>\n\n\n\n<p>El crimen organizado tom\u00f3 las riendas durante horas&nbsp;&nbsp;de un pa\u00eds, liberaron la violencia sin ning\u00fan tipo de frenta. No hubo qui\u00e9n los detuviera en un inicio para apoderarse, o mejor dicho, de secuestrar un canal de televisi\u00f3n local en donde un grupo de delincuentes tomaron como rehenes a los periodistas y trabajadores al aire.<\/p>\n\n\n\n<p>No se trataba de una actuaci\u00f3n, eran reales los videos que comenzaron a circular por redes sociales (benditas redes sociales), encapuchados que se creyeron intocables y super poderosos intimidaron, violentaron y mancharon el breve gobierno de Daniel Noboa.\u00a0\u00a0<\/p>\n\n\n\n<p>J\u00f3venes de vestimenta tan informal que si los vi\u00e9ramos caminando por las calles, no nos imaginar\u00edamos que fueran parte de grupos delictivos, o terroristas, como los declar\u00f3 el mandatario ecuatoriano.&nbsp;<\/p>\n\n\n\n<p>Otro video en donde estudiantes de la Universidad de Guayaquil corr\u00edan desesperados al ser perseguidos por otro grupo delictivo para secuestrarlos o vaya usted a saber, todo esto sucedi\u00f3 en distintas locaciones en ocho ciudades de Ecuador.&nbsp;<\/p>\n\n\n\n<p>Desde principios de semana le\u00eda una nota que me parec\u00eda incre\u00edble que a estas alturas sucediera, dec\u00eda que despu\u00e9s de que varias c\u00e1rceles hab\u00edan sido tomadas por los presos secuestrando a agentes y convirtiendo todo en un caos, el criminal considerado como el m\u00e1s peligroso de Ecuador se hab\u00eda fugado, junto con su \u201cgrupo de seguridad\u201d, y los agentes penitenciarios no supieron en qu\u00e9 momento dej\u00f3 de estar en el interior de su celda.<\/p>\n\n\n\n<p>Fue un error, un plan bien cumplido, una estrategia tan completa que evidenci\u00f3 el poder que ocupa el crimen organizado en un pa\u00eds entero.<\/p>\n\n\n\n<p>La foto es un operativo en la C\u00e1rcel Regional del Litoral por parte de los soldados de Infanter\u00eda de Marina. Todos boca abajo y en ropa interior, sin capacidad de movimiento, pero lo que parecer\u00eda una se\u00f1al de intimidaci\u00f3n y humillaci\u00f3n, para mi me lleva a reflexionar mucho m\u00e1s en cu\u00e1ntos de all\u00ed sab\u00edan lo que iba a pasar, cu\u00e1ntos de all\u00ed mover\u00e1n los hilos de homicidios, secuestros, cu\u00e1ntos de all\u00ed en realidad sonr\u00eden mientras las Fuerzas Armadas los achican de esa manera.<\/p>\n\n\n\n<p>Un pa\u00eds no tan lejano a M\u00e9xico, hoy se enfrenta al control de distintas c\u00e9lulas de grupos delictivos que eventualmente fueron recibiendo libertad en un mismo territorio.<\/p>\n\n\n\n<p>La incapacidad de algunos gobernantes desde a\u00f1os atr\u00e1s  fueron permitiendo la presencia y la diversificaci\u00f3n de estos grupos, hoy est\u00e1 llevando a este pa\u00eds a mirar a El Salvador y los m\u00e9todos de su mandatario Bukulele.<\/p>\n\n\n\n<p>La imagen me lleva a cuestionar si Bukulele es la respuesta a las crisis que vivimos constantemente en los pa\u00edses de Am\u00e9rica Latina y la otra, es temer que la permisividad que hoy en d\u00eda el crimen organizado ha ganado en nuestro pa\u00eds, un d\u00eda nos rebase y se nos permeen tanto que la violencia sea incontrolable.<\/p>\n\n\n\n<p>Son advertencias, son alertas regionales que se vuelven territoriales a kil\u00f3metros de distancia.&nbsp;<\/p>\n","protected":false},"excerpt":{"rendered":"<p>Por Laura Garza Qu\u00e9 tan lejos podemos estar entre un pa\u00eds y otro en Am\u00e9rica Latina, cuando las crisis comienzan [&hellip;]<\/p>\n","protected":false},"author":2,"featured_media":553,"comment_status":"open","ping_status":"open","sticky":false,"template":"","format":"standard","meta":{"footnotes":""},"categories":[1],"tags":[180,178,179,176,177,102],"class_list":["post-552","post","type-post","status-publish","format-standard","has-post-thumbnail","hentry","category-uncategorized","tag-americalatina","tag-co","tag-crimenorganizado","tag-ecuador","tag-noboa","tag-violencia"],"_links":{"self":[{"href":"https:\/\/lauragarza.com\/EnfoqueManual\/wp-json\/wp\/v2\/posts\/552","targetHints":{"allow":["GET"]}}],"collection":[{"href":"https:\/\/lauragarza.com\/EnfoqueManual\/wp-json\/wp\/v2\/posts"}],"about":[{"href":"https:\/\/lauragarza.com\/EnfoqueManual\/wp-json\/wp\/v2\/types\/post"}],"author":[{"embeddable":true,"href":"https:\/\/lauragarza.com\/EnfoqueManual\/wp-json\/wp\/v2\/users\/2"}],"replies":[{"embeddable":true,"href":"https:\/\/lauragarza.com\/EnfoqueManual\/wp-json\/wp\/v2\/comments?post=552"}],"version-history":[{"count":2,"href":"https:\/\/lauragarza.com\/EnfoqueManual\/wp-json\/wp\/v2\/posts\/552\/revisions"}],"predecessor-version":[{"id":556,"href":"https:\/\/lauragarza.com\/EnfoqueManual\/wp-json\/wp\/v2\/posts\/552\/revisions\/556"}],"wp:featuredmedia":[{"embeddable":true,"href":"https:\/\/lauragarza.com\/EnfoqueManual\/wp-json\/wp\/v2\/media\/553"}],"wp:attachment":[{"href":"https:\/\/lauragarza.com\/EnfoqueManual\/wp-json\/wp\/v2\/media?parent=552"}],"wp:term":[{"taxonomy":"category","embeddable":true,"href":"https:\/\/lauragarza.com\/EnfoqueManual\/wp-json\/wp\/v2\/categories?post=552"},{"taxonomy":"post_tag","embeddable":true,"href":"https:\/\/lauragarza.com\/EnfoqueManual\/wp-json\/wp\/v2\/tags?post=552"}],"curies":[{"name":"wp","href":"https:\/\/api.w.org\/{rel}","templated":true}]}}