{"id":437,"date":"2023-10-23T23:53:29","date_gmt":"2023-10-24T04:53:29","guid":{"rendered":"https:\/\/lauragarza.com\/EnfoqueManual\/?p=437"},"modified":"2023-10-23T23:53:33","modified_gmt":"2023-10-24T04:53:33","slug":"parece-que-la-orden-no-es-defender-sino-solo-mirar","status":"publish","type":"post","link":"https:\/\/lauragarza.com\/EnfoqueManual\/2023\/10\/23\/parece-que-la-orden-no-es-defender-sino-solo-mirar\/","title":{"rendered":"Parece que la orden no es defender, sino solo mirar.\u00a0"},"content":{"rendered":"\n<p><em>Por Laura Garza<\/em><\/p>\n\n\n\n<p>Guerrero, uno de los estados m\u00e1s violentados de nuestro pa\u00eds. Este lunes asesinaron a balazos a Alfredo Alonso, secretario de Seguridad P\u00fablica del municipio de Coyuca de Ben\u00edtez, al director de la polic\u00eda preventiva y a 11 agentes.<\/p>\n\n\n\n<p>Algunos de ellos quedaron boca abajo, seguramente despu\u00e9s de haberlos tenido hincados cayeron todos en el mismo lugar sin dejar mucho espacio entre s\u00ed. Todos vestidos de azul, todos con botas negras, todos viendo al suelo.<\/p>\n\n\n\n<p>Se habla de una emboscada en la carretera, se menciona a un convoy del crimen organizado, se dice que nadie esperaba que eso pasara porque no hab\u00eda ning\u00fan tipo de amenazas. Eso dicen.<\/p>\n\n\n\n<p>Pero si las carreteras del estado de Guerrero se han vuelto el pasillo para que las bandas de criminales las usen a su conveniencia y libertad.<\/p>\n\n\n\n<p>Es en Guerrero en donde tambi\u00e9n asesinaron al jefe de la Fiscal\u00eda en Chilpancingo, homicidios, bloqueos y enfrentamientos son tan solo algunos actos violentos que all\u00ed pasan.<\/p>\n\n\n\n<p>Seg\u00fan estad\u00edsticas, en el primer semestre del 2023 se calcula un promedio de cuatro los homicidios dolosos diarios.<\/p>\n\n\n\n<p>Eso es el contexto de lo que sucede en un estado gobernado por Morena y la gobernadora Evelyn Salgado.<\/p>\n\n\n\n<p>La fotograf\u00eda de los elementos de la Guardia Nacional y el equipo de peritos, es el reflejo de un territorio en donde no pasa nada. Claro, usted dir\u00eda \u00a1pero si est\u00e1 pasando!, pero es que si observamos la imagen en realidad parece que ni los casi 50 casquillos marcados amedrentan a los presentes.<\/p>\n\n\n\n<p>La imagen capturada por Carlos Alberto Carbajal para la agencia CUARTOSCURO fue detener el tiempo y descubrir a los elementos que solo miran arriba de las pick ups, pensando en qu\u00e9 podr\u00edan hacer ellos all\u00ed: nada.<\/p>\n\n\n\n<p>Observar para que no pase nada m\u00e1s, con una posici\u00f3n de descanso y no de alerta.<\/p>\n\n\n\n<p>El \u00fanico elemento que podr\u00edamos pensar que est\u00e1 alerta es quien nos est\u00e1 dando la espalda y solo por el hecho de que no est\u00e1 mirando la escena, por lo tanto, mira a los \u00e1rboles por si llega a ver algo.<\/p>\n\n\n\n<p>Incluso, pareciera que el guardia a la derecha arriba de la camioneta est\u00e1 comiendo una paleta o est\u00e1 con un l\u00e1piz en su boca. No hay se\u00f1al alguna de preocupaci\u00f3n.<\/p>\n\n\n\n<p>Como dir\u00eda la canci\u00f3n, \u201clo que pas\u00f3, pas\u00f3\u201d.&nbsp;<\/p>\n\n\n\n<p>Los peritos con sus trajes de pitufos, marcando una muerte m\u00e1s, porque eso hacen ellos. Contarlos, reunir evidencia, fotografiar y resolver el c\u00f3mo fue.<\/p>\n\n\n\n<p>Ni militarizando al pa\u00eds, la violencia terminar\u00e1. \u00bfPor qu\u00e9? Porque parece que la orden no es defender, sino solo mirar.\u00a0<\/p>\n","protected":false},"excerpt":{"rendered":"<p>Por Laura Garza Guerrero, uno de los estados m\u00e1s violentados de nuestro pa\u00eds. Este lunes asesinaron a balazos a Alfredo [&hellip;]<\/p>\n","protected":false},"author":2,"featured_media":438,"comment_status":"open","ping_status":"open","sticky":false,"template":"","format":"standard","meta":{"footnotes":""},"categories":[1],"tags":[130,94,131,58,102],"class_list":["post-437","post","type-post","status-publish","format-standard","has-post-thumbnail","hentry","category-uncategorized","tag-guardianacional","tag-guerrero","tag-impunidad","tag-mexico","tag-violencia"],"_links":{"self":[{"href":"https:\/\/lauragarza.com\/EnfoqueManual\/wp-json\/wp\/v2\/posts\/437","targetHints":{"allow":["GET"]}}],"collection":[{"href":"https:\/\/lauragarza.com\/EnfoqueManual\/wp-json\/wp\/v2\/posts"}],"about":[{"href":"https:\/\/lauragarza.com\/EnfoqueManual\/wp-json\/wp\/v2\/types\/post"}],"author":[{"embeddable":true,"href":"https:\/\/lauragarza.com\/EnfoqueManual\/wp-json\/wp\/v2\/users\/2"}],"replies":[{"embeddable":true,"href":"https:\/\/lauragarza.com\/EnfoqueManual\/wp-json\/wp\/v2\/comments?post=437"}],"version-history":[{"count":1,"href":"https:\/\/lauragarza.com\/EnfoqueManual\/wp-json\/wp\/v2\/posts\/437\/revisions"}],"predecessor-version":[{"id":439,"href":"https:\/\/lauragarza.com\/EnfoqueManual\/wp-json\/wp\/v2\/posts\/437\/revisions\/439"}],"wp:featuredmedia":[{"embeddable":true,"href":"https:\/\/lauragarza.com\/EnfoqueManual\/wp-json\/wp\/v2\/media\/438"}],"wp:attachment":[{"href":"https:\/\/lauragarza.com\/EnfoqueManual\/wp-json\/wp\/v2\/media?parent=437"}],"wp:term":[{"taxonomy":"category","embeddable":true,"href":"https:\/\/lauragarza.com\/EnfoqueManual\/wp-json\/wp\/v2\/categories?post=437"},{"taxonomy":"post_tag","embeddable":true,"href":"https:\/\/lauragarza.com\/EnfoqueManual\/wp-json\/wp\/v2\/tags?post=437"}],"curies":[{"name":"wp","href":"https:\/\/api.w.org\/{rel}","templated":true}]}}