{"id":354,"date":"2023-10-04T23:36:10","date_gmt":"2023-10-05T04:36:10","guid":{"rendered":"https:\/\/lauragarza.com\/EnfoqueManual\/?p=354"},"modified":"2023-10-04T23:36:13","modified_gmt":"2023-10-05T04:36:13","slug":"ay-gatell","status":"publish","type":"post","link":"https:\/\/lauragarza.com\/EnfoqueManual\/2023\/10\/04\/ay-gatell\/","title":{"rendered":"Ay, Gatell"},"content":{"rendered":"\n<p><em>Por Laura Garza<\/em><\/p>\n\n\n\n<p>En las entrevistas puede haber una planeaci\u00f3n visual y narrativa, o puede tenerse solo la lista de preguntas y seguir bajo la marcha de acuerdo al entrevistado.<\/p>\n\n\n\n<p>El fot\u00f3grafo en su mayor\u00eda de las veces, recibe la agenda y acude a cubrir cada una de las \u00f3rdenes all\u00ed marcadas. Quiz\u00e1 cuando llegue el reportero le explique cu\u00e1l es la intenci\u00f3n y lo que s\u00ed se debe de fotografiar.<\/p>\n\n\n\n<p>Y de nueva cuenta, a veces ni se le pregunta al fot\u00f3grafo cu\u00e1l ser\u00eda el mejor lugar o el mejor \u00e1ngulo para realizar la entrevista. Eso var\u00eda de acuerdo a la personalidad de cada uno, que quiera interesarte e involucrarse un poquito m\u00e1s.<\/p>\n\n\n\n<p>En la entrevista realizada el d\u00eda de ayer a Hugo L\u00f3pez-Gatell por parte del diario El Universal, seguramente fue pensada m\u00e1s para video que para foto. \u00bfPor qu\u00e9? Porque se realiz\u00f3 en una terraza al aire libre y bajo una sombra parcial, por muchos espacios se cuela la luz desfigurando al entrevistado.<\/p>\n\n\n\n<figure class=\"wp-block-image size-full\"><img loading=\"lazy\" decoding=\"async\" width=\"906\" height=\"554\" src=\"https:\/\/lauragarza.com\/EnfoqueManual\/wp-content\/uploads\/2023\/10\/Screen-Shot-2023-10-04-at-21.34.18.png\" alt=\"\" class=\"wp-image-355\" srcset=\"https:\/\/lauragarza.com\/EnfoqueManual\/wp-content\/uploads\/2023\/10\/Screen-Shot-2023-10-04-at-21.34.18.png 906w, https:\/\/lauragarza.com\/EnfoqueManual\/wp-content\/uploads\/2023\/10\/Screen-Shot-2023-10-04-at-21.34.18-300x183.png 300w, https:\/\/lauragarza.com\/EnfoqueManual\/wp-content\/uploads\/2023\/10\/Screen-Shot-2023-10-04-at-21.34.18-768x470.png 768w\" sizes=\"auto, (max-width: 906px) 100vw, 906px\" \/><\/figure>\n\n\n\n<p class=\"has-text-align-center\">Foto: El Universal \/ Diego Sim\u00f3n S\u00e1nchez<\/p>\n\n\n\n<p>Comiendo desde aqu\u00ed porque muchas veces se necesita estar presente alguien que tambi\u00e9n lidere el tema visual y pueda decidir entre el mejor lugar para realizar la entrevista para fotograf\u00eda y video.<\/p>\n\n\n\n<p>Pero bueno, supongamos que hasta all\u00ed nadie lo pens\u00f3.<\/p>\n\n\n\n<p>Entonces para un personaje como el se\u00f1or Hugo L\u00f3pez-Gatell las luces y sombras le quedan perfecto, porque as\u00ed es que le conocemos, y quiz\u00e1 con m\u00e1s sombras que luces.\u00a0<\/p>\n\n\n\n<p>Desde all\u00ed pareciera entonces que el lugar fue perfecto para un personaje como \u00e9l, si es que lo llegaron a pensar y analizar como parte del mensaje visual.&nbsp;<\/p>\n\n\n\n<p>Ahora, nadie puede negar que este hombre lo que tiene es labia y mucho vocabulario. Sabe utilizar los t\u00e9rminos adecuados para ser rimbombante en materia pol\u00edtica, eso se lo conocimos durante la pandemia.<\/p>\n\n\n\n<p>Su mayor aportaci\u00f3n en esta entrevista y de lo \u00fanico que podemos recordar es cuando dijo:<\/p>\n\n\n\n<p>\u201cPor cada persona que est\u00e1 enojada por c\u00f3mo se manej\u00f3 la pandemia, hay de 300 a 500 personas agradecidas\u201d.<\/p>\n\n\n\n<p>Con su tono de cinismo y nula gracia.<\/p>\n\n\n\n<p>Durante la entrevista en el momento en que dice esto, mueve una mano para sustentar su dicho, sin embargo, el editor de foto del diario decidi\u00f3 seleccionar una imagen que por supuesto le contradice a \u201cla \u00fanica\u201d frase que nos muestran desde un inicio.<\/p>\n\n\n\n<p>Gatell aparece como en realidad es, como un hombre que solo se escucha a s\u00ed mismo y al presidente, a un hombre que solo valida su verdad, a un hombre que no puede atender los distintos pensamientos u opiniones.<\/p>\n\n\n\n<p>Es el mismo Dr. Hugo L\u00f3pez-Gatell que desde pandemia nos dej\u00f3 claro que \u00e9l hace lo que \u201cdicta el dedito\u201d del presidente y que \u00e9l siempre mantendr\u00e1 una mano en alto en se\u00f1al de que \u00e9l est\u00e1 bien, y los dem\u00e1s est\u00e1n mal.<\/p>\n\n\n\n<p>Un hombre que coloca una barrera, para que no se le acerquen, para que no le hablen, para que solo lo escuchen, porque solo \u00e9l tiene la verdad y el cari\u00f1o de la gente, s\u00ed de 300 a 500 que le est\u00e1n agradecidas por no haber llevado bien una pandemia y por permitir que no se utilizara el cubre bocas como un acto forzoso para salvaguardar la vida. Eso simboliza su mano.<\/p>\n\n\n\n<p>Ese es Gatell, el de la foto.<\/p>\n\n\n\n<p>Y si en el diario eligieron con esa intenci\u00f3n, lo hicieron muy bien, y si no\u2026 tambi\u00e9n les sali\u00f3 muy bien.<\/p>\n","protected":false},"excerpt":{"rendered":"<p>Por Laura Garza En las entrevistas puede haber una planeaci\u00f3n visual y narrativa, o puede tenerse solo la lista de [&hellip;]<\/p>\n","protected":false},"author":2,"featured_media":355,"comment_status":"open","ping_status":"open","sticky":false,"template":"","format":"standard","meta":{"footnotes":""},"categories":[1],"tags":[],"class_list":["post-354","post","type-post","status-publish","format-standard","has-post-thumbnail","hentry","category-uncategorized"],"_links":{"self":[{"href":"https:\/\/lauragarza.com\/EnfoqueManual\/wp-json\/wp\/v2\/posts\/354","targetHints":{"allow":["GET"]}}],"collection":[{"href":"https:\/\/lauragarza.com\/EnfoqueManual\/wp-json\/wp\/v2\/posts"}],"about":[{"href":"https:\/\/lauragarza.com\/EnfoqueManual\/wp-json\/wp\/v2\/types\/post"}],"author":[{"embeddable":true,"href":"https:\/\/lauragarza.com\/EnfoqueManual\/wp-json\/wp\/v2\/users\/2"}],"replies":[{"embeddable":true,"href":"https:\/\/lauragarza.com\/EnfoqueManual\/wp-json\/wp\/v2\/comments?post=354"}],"version-history":[{"count":1,"href":"https:\/\/lauragarza.com\/EnfoqueManual\/wp-json\/wp\/v2\/posts\/354\/revisions"}],"predecessor-version":[{"id":356,"href":"https:\/\/lauragarza.com\/EnfoqueManual\/wp-json\/wp\/v2\/posts\/354\/revisions\/356"}],"wp:featuredmedia":[{"embeddable":true,"href":"https:\/\/lauragarza.com\/EnfoqueManual\/wp-json\/wp\/v2\/media\/355"}],"wp:attachment":[{"href":"https:\/\/lauragarza.com\/EnfoqueManual\/wp-json\/wp\/v2\/media?parent=354"}],"wp:term":[{"taxonomy":"category","embeddable":true,"href":"https:\/\/lauragarza.com\/EnfoqueManual\/wp-json\/wp\/v2\/categories?post=354"},{"taxonomy":"post_tag","embeddable":true,"href":"https:\/\/lauragarza.com\/EnfoqueManual\/wp-json\/wp\/v2\/tags?post=354"}],"curies":[{"name":"wp","href":"https:\/\/api.w.org\/{rel}","templated":true}]}}