{"id":347,"date":"2023-10-03T23:00:37","date_gmt":"2023-10-04T04:00:37","guid":{"rendered":"https:\/\/lauragarza.com\/EnfoqueManual\/?p=347"},"modified":"2023-10-04T23:41:33","modified_gmt":"2023-10-05T04:41:33","slug":"ana-se-llamaba-ana","status":"publish","type":"post","link":"https:\/\/lauragarza.com\/EnfoqueManual\/2023\/10\/03\/ana-se-llamaba-ana\/","title":{"rendered":"Ana, se llamaba Ana"},"content":{"rendered":"\n<p><em>Por Laura Garza<\/em><\/p>\n\n\n\n<p>A veces s\u00ed hay una foto de cuando iniciamos y cuando terminamos la vida.<\/p>\n\n\n\n<p>En ninguna de las dos somos testigos conscientes de ello, pero s\u00ed muchas personas que te quieren y otras tantas desconocidas te miran con sorpresa porque eres nuevo o porque te sacan parecido.<\/p>\n\n\n\n<p>La del final, es diferente, nadie ve la foto por temor a olvidar el rostro en vida por el de despedida. Pero a\u00fan as\u00ed est\u00e1 la ultima foto de la comida con los amigos, de la salida al parque, la foto de perfil en las redes sociales o el \u00faltimo selfie en las stories de Instagram.<\/p>\n\n\n\n<p>Siempre hay y habr\u00e1 una.&nbsp;<\/p>\n\n\n\n<p>Hoy fue un d\u00eda para m\u00ed de celebraci\u00f3n de vida de grandes amigos, pero al mismo tiempo de una p\u00e9rdida que sin conocerla me hizo detenerme en mi ma\u00f1ana para pensar en c\u00f3mo hab\u00eda sido su vida, su ma\u00f1ana, qu\u00e9 le preocupar\u00eda, a d\u00f3nde iba y si alguien la esperaba antes de ser arrollada por un cami\u00f3n.<\/p>\n\n\n<div class=\"wp-block-image\">\n<figure class=\"aligncenter size-large is-resized\"><img loading=\"lazy\" decoding=\"async\" src=\"https:\/\/lauragarza.com\/EnfoqueManual\/wp-content\/uploads\/2023\/10\/Screen-Shot-2023-10-03-at-11.23.28-1024x576.png\" alt=\"\" class=\"wp-image-349\" style=\"width:564px;height:317px\" width=\"564\" height=\"317\" srcset=\"https:\/\/lauragarza.com\/EnfoqueManual\/wp-content\/uploads\/2023\/10\/Screen-Shot-2023-10-03-at-11.23.28-1024x576.png 1024w, https:\/\/lauragarza.com\/EnfoqueManual\/wp-content\/uploads\/2023\/10\/Screen-Shot-2023-10-03-at-11.23.28-300x169.png 300w, https:\/\/lauragarza.com\/EnfoqueManual\/wp-content\/uploads\/2023\/10\/Screen-Shot-2023-10-03-at-11.23.28-768x432.png 768w, https:\/\/lauragarza.com\/EnfoqueManual\/wp-content\/uploads\/2023\/10\/Screen-Shot-2023-10-03-at-11.23.28.png 1170w\" sizes=\"auto, (max-width: 564px) 100vw, 564px\" \/><\/figure>\n<\/div>\n\n\n<p class=\"has-text-align-center\">Foto: V\u00edctor S\u00e1nchez \/ Reforma<\/p>\n\n\n\n<p>Mi sentido foto period\u00edstico y de intensa observadora, me ha llevado a detenerme a observar a detalle y sin prisas a quienes mueren en alg\u00fan accidente. Me detengo a ver el contexto, a pensar en el c\u00f3mo sucedi\u00f3, a ver a los que miran y aparecen en la foto, la calle por si la reconozco y puedo ubicar la escena, la ambulancia, los polic\u00edas.&nbsp;<\/p>\n\n\n\n<p>Miro todo, y lo reflexiono en la vida misma y sus factores alrededor.<\/p>\n\n\n\n<p>Nunca lo hab\u00eda expresado tan abiertamente en redes sociales y hoy despu\u00e9s de leer una nota en el peri\u00f3dico Reforma en donde una mujer hab\u00eda sido arrollada por un autob\u00fas, escrib\u00ed este tweet:<\/p>\n\n\n<div class=\"wp-block-image\">\n<figure class=\"aligncenter size-full is-resized\"><img loading=\"lazy\" decoding=\"async\" src=\"https:\/\/lauragarza.com\/EnfoqueManual\/wp-content\/uploads\/2023\/10\/Screen-Shot-2023-10-03-at-20.06.59.png\" alt=\"\" class=\"wp-image-348\" style=\"width:311px;height:329px\" width=\"311\" height=\"329\" srcset=\"https:\/\/lauragarza.com\/EnfoqueManual\/wp-content\/uploads\/2023\/10\/Screen-Shot-2023-10-03-at-20.06.59.png 716w, https:\/\/lauragarza.com\/EnfoqueManual\/wp-content\/uploads\/2023\/10\/Screen-Shot-2023-10-03-at-20.06.59-283x300.png 283w\" sizes=\"auto, (max-width: 311px) 100vw, 311px\" \/><\/figure>\n<\/div>\n\n\n<p>Recib\u00ed un par de llamadas laborales y al final me di cuenta que no lo hab\u00eda publicado hasta que finalmente lo hice.<\/p>\n\n\n\n<p>Fue una reflexi\u00f3n tan \u00edntima que no sab\u00eda si iba a ser le\u00edda de la misma manera. Al final los fot\u00f3grafos vemos distintos lados de una misma escena, aprendemos a ver de dentro hacia afuera y de afuera hacia dentro.&nbsp;<\/p>\n\n\n\n<p>Muchas horas despu\u00e9s recibo un mensaje de un buen amigo reenvi\u00e1ndome mi tweet con un \u201cEra una amiga\u201d.<\/p>\n\n\n\n<p>Un balde de agua helada me cay\u00f3 encima. Fue como tratar de entender por qu\u00e9 abr\u00ed justo esa nota, por qu\u00e9 vi la foto a detalle, por qu\u00e9 reflexion\u00e9 sobre ella, por qu\u00e9 la pens\u00e9 tanto y como siempre lo he dicho en este espacio, al final quien observa, se apropia de un poco de las vidas ajenas y eso me pas\u00f3 con ella.<\/p>\n\n\n\n<p>Hoy hasta las 18:22 hrs supe que se llamaba Ana, la vi en una foto y era muy guapa y los mensajes de su c\u00edrculo m\u00e1s cercano son muy dolorosos.<\/p>\n\n\n\n<p>Ana iba cruzando por el cruce peatonal el Eje 8 Sur Jos\u00e9 Mar\u00eda Rico y San Francisco en la Benito Ju\u00e1rez, en la Ciudad de M\u00e9xico.<\/p>\n\n\n\n<p>Seg\u00fan la nota el cami\u00f3n iba por el carril de contraflujo, ella cruzaba la avenida y el golpe fue tan fuerte en su cabeza que no lo soport\u00f3.<\/p>\n\n\n\n<p>Ana ten\u00eda muchos amigos. Ana llevaba tenis, leggins color vino y una blusa de rayas.&nbsp;Ana ten\u00eda una vida. La que vemos en la foto final no es la Ana que todos conocen.<\/p>\n\n\n\n<p>La foto con la que la conoc\u00ed fue la \u00faltima, pero que me llev\u00f3 a conocerla en lo que fue su vida, a responderme algunas de las preguntas que me hac\u00eda por la ma\u00f1ana.&nbsp;&nbsp;A sorprenderme con el poder de la imagen (siempre lo dir\u00e9), de la proyecci\u00f3n que tienen las redes sociales y c\u00f3mo el destino une sin imaginarlo.<\/p>\n\n\n\n<p>La fotograf\u00eda de un terrible accidente que me conmovi\u00f3, me llev\u00f3 a los seis grados de separaci\u00f3n de quien lament\u00e9 su partida sin saber que iba a ser una dolorosa p\u00e9rdida para un buen amigo.<\/p>\n\n\n\n<p>Qepd Ana.<\/p>\n","protected":false},"excerpt":{"rendered":"<p>Por Laura Garza A veces s\u00ed hay una foto de cuando iniciamos y cuando terminamos la vida. En ninguna de [&hellip;]<\/p>\n","protected":false},"author":2,"featured_media":348,"comment_status":"open","ping_status":"open","sticky":false,"template":"","format":"standard","meta":{"footnotes":""},"categories":[1],"tags":[],"class_list":["post-347","post","type-post","status-publish","format-standard","has-post-thumbnail","hentry","category-uncategorized"],"_links":{"self":[{"href":"https:\/\/lauragarza.com\/EnfoqueManual\/wp-json\/wp\/v2\/posts\/347","targetHints":{"allow":["GET"]}}],"collection":[{"href":"https:\/\/lauragarza.com\/EnfoqueManual\/wp-json\/wp\/v2\/posts"}],"about":[{"href":"https:\/\/lauragarza.com\/EnfoqueManual\/wp-json\/wp\/v2\/types\/post"}],"author":[{"embeddable":true,"href":"https:\/\/lauragarza.com\/EnfoqueManual\/wp-json\/wp\/v2\/users\/2"}],"replies":[{"embeddable":true,"href":"https:\/\/lauragarza.com\/EnfoqueManual\/wp-json\/wp\/v2\/comments?post=347"}],"version-history":[{"count":3,"href":"https:\/\/lauragarza.com\/EnfoqueManual\/wp-json\/wp\/v2\/posts\/347\/revisions"}],"predecessor-version":[{"id":357,"href":"https:\/\/lauragarza.com\/EnfoqueManual\/wp-json\/wp\/v2\/posts\/347\/revisions\/357"}],"wp:featuredmedia":[{"embeddable":true,"href":"https:\/\/lauragarza.com\/EnfoqueManual\/wp-json\/wp\/v2\/media\/348"}],"wp:attachment":[{"href":"https:\/\/lauragarza.com\/EnfoqueManual\/wp-json\/wp\/v2\/media?parent=347"}],"wp:term":[{"taxonomy":"category","embeddable":true,"href":"https:\/\/lauragarza.com\/EnfoqueManual\/wp-json\/wp\/v2\/categories?post=347"},{"taxonomy":"post_tag","embeddable":true,"href":"https:\/\/lauragarza.com\/EnfoqueManual\/wp-json\/wp\/v2\/tags?post=347"}],"curies":[{"name":"wp","href":"https:\/\/api.w.org\/{rel}","templated":true}]}}