{"id":344,"date":"2023-10-02T22:48:57","date_gmt":"2023-10-03T03:48:57","guid":{"rendered":"https:\/\/lauragarza.com\/EnfoqueManual\/?p=344"},"modified":"2023-10-02T22:53:13","modified_gmt":"2023-10-03T03:53:13","slug":"no-olvidemos-y-no-perdonemos","status":"publish","type":"post","link":"https:\/\/lauragarza.com\/EnfoqueManual\/2023\/10\/02\/no-olvidemos-y-no-perdonemos\/","title":{"rendered":"No olvidemos y no perdonemos"},"content":{"rendered":"\n<p><em>Por Laura Garza<\/em><\/p>\n\n\n\n<p>Ojal\u00e1 estos j\u00f3venes que hoy salieron a protestar en el 55 aniversario de la masacre de Tlatelolco en la Ciudad de M\u00e9xico, mantengan ese coraje contra lo que tambi\u00e9n en estos tiempos se vive.<\/p>\n\n\n\n<p>Que al encapucharse no pierdan la perspectiva que en este pa\u00eds ya no se ofrecen las mismas libertades para salir a las calles a protestar. Que hoy les llenan de vallas para que no pasen, para que no molesten, para que no los vean, para que ni se noten.<\/p>\n\n\n\n<p>Ojal\u00e1 no olviden en su juventud la polarizaci\u00f3n en la que vivimos, que no perdonen la falta de palabra para defender al m\u00e1s vulnerable, que no olviden las masacres de los j\u00f3venes en Jalisco o en Zacatecas, que hasta el d\u00eda de hoy no son tema de agenda nacional mas que para los mismos padres, s\u00ed, los mismos que no cansan de luchar y que nos recuerdan d\u00eda a d\u00eda que sus hijos e hijas salieron de casa y no volvieron jam\u00e1s.<\/p>\n\n\n\n<figure class=\"wp-block-image size-large\"><img loading=\"lazy\" decoding=\"async\" width=\"1024\" height=\"684\" src=\"https:\/\/lauragarza.com\/EnfoqueManual\/wp-content\/uploads\/2023\/10\/1d356c170328857c20f5e82c99de758a12ccf2bbw-1024x684.jpg\" alt=\"\" class=\"wp-image-345\" srcset=\"https:\/\/lauragarza.com\/EnfoqueManual\/wp-content\/uploads\/2023\/10\/1d356c170328857c20f5e82c99de758a12ccf2bbw-1024x684.jpg 1024w, https:\/\/lauragarza.com\/EnfoqueManual\/wp-content\/uploads\/2023\/10\/1d356c170328857c20f5e82c99de758a12ccf2bbw-300x200.jpg 300w, https:\/\/lauragarza.com\/EnfoqueManual\/wp-content\/uploads\/2023\/10\/1d356c170328857c20f5e82c99de758a12ccf2bbw-768x513.jpg 768w, https:\/\/lauragarza.com\/EnfoqueManual\/wp-content\/uploads\/2023\/10\/1d356c170328857c20f5e82c99de758a12ccf2bbw-1536x1026.jpg 1536w, https:\/\/lauragarza.com\/EnfoqueManual\/wp-content\/uploads\/2023\/10\/1d356c170328857c20f5e82c99de758a12ccf2bbw.jpg 1920w\" sizes=\"auto, (max-width: 1024px) 100vw, 1024px\" \/><figcaption class=\"wp-element-caption\">Foto: EFE\/Jos\u00e9 M\u00e9ndez<\/figcaption><\/figure>\n\n\n\n<p>Ojal\u00e1 cada valla tambi\u00e9n se las llevaran cada gobierno en el poder, que se lleven las frases, las consignas, los rostros all\u00ed pegados en hojas impresas, los golpeteos y los rastros de gas pimienta.<\/p>\n\n\n\n<p>No solo es el 68, porque ese lo tenemos en la historia, en la fortaleza de este pa\u00eds al re surgir y pelear la democracia y la libertad de expresi\u00f3n. Lo mismo que hoy tenemos que hacer, recuperar espacios, recuperar valent\u00eda y la uni\u00f3n entre los ciudadanos.<\/p>\n\n\n\n<p>No nos reconciliamos con quien dej\u00f3 matar a miles de ni\u00f1os por falta de medicamento en sus tratamientos contra el c\u00e1ncer. No podemos reconciliarnos con quien ni siquiera considera la salud como un tema primordial.<\/p>\n\n\n\n<p>Quisiera decir que busquemos la reconciliaci\u00f3n, pero esa ser\u00e1 en julio del pr\u00f3ximo a\u00f1o cuando nos unamos por dejar de lado la polarizaci\u00f3n y el olvido de lo que s\u00ed importa.<\/p>\n\n\n\n<p>Pero mientras, no podemos reconciliarnos con quien defiende la corrupci\u00f3n en casa y con los amigos, pero mal\u00e9volamente repite la palabra para hacer creer a la gente que en verdad est\u00e1 en contra.<\/p>\n\n\n\n<p>No hay mujer consciente que quiera reconciliarse con quien le ha quitado su seguridad, su voz y su apoyo.&nbsp;<\/p>\n\n\n\n<p>No es posible perdonar a quien ha permitido que la cifra aumente y seamos casi 12 mujeres asesinadas diariamente. \u00bfC\u00f3mo?<\/p>\n\n\n\n<p>Esta foto es un recordatorio para todas y todos los mexicanos. No solo es el 68 es una lista de heridas que hoy en d\u00eda son m\u00e1s evidentes y humillantes.<\/p>\n\n\n\n<p>No olvidemos el dolor de las madres y padres sin hijos, no olvidemos a los hu\u00e9rfanos por el Covid, no olvidemos a los migrantes en el olvido y quemados en Ciudad Ju\u00e1rez, no olvidemos los insultos a las mujeres, no olvidemos el agravio a nuestras leyes, no olvidemos a los militares, no olvidemos la decadencia de un pa\u00eds construido por el esfuerzo de tantos.<\/p>\n\n\n\n<p>No olvidemos en materia de pol\u00edtica exterior, que hoy somos del bloque de Cuba, Rusia y Venezuela.&nbsp;&nbsp;&nbsp;<\/p>\n\n\n\n<p><strong>Reconcili\u00e9monos con M\u00e9xico, s\u00ed, en julio del 2024.<\/strong><\/p>\n","protected":false},"excerpt":{"rendered":"<p>Por Laura Garza Ojal\u00e1 estos j\u00f3venes que hoy salieron a protestar en el 55 aniversario de la masacre de Tlatelolco [&hellip;]<\/p>\n","protected":false},"author":2,"featured_media":345,"comment_status":"open","ping_status":"open","sticky":false,"template":"","format":"standard","meta":{"footnotes":""},"categories":[1],"tags":[],"class_list":["post-344","post","type-post","status-publish","format-standard","has-post-thumbnail","hentry","category-uncategorized"],"_links":{"self":[{"href":"https:\/\/lauragarza.com\/EnfoqueManual\/wp-json\/wp\/v2\/posts\/344","targetHints":{"allow":["GET"]}}],"collection":[{"href":"https:\/\/lauragarza.com\/EnfoqueManual\/wp-json\/wp\/v2\/posts"}],"about":[{"href":"https:\/\/lauragarza.com\/EnfoqueManual\/wp-json\/wp\/v2\/types\/post"}],"author":[{"embeddable":true,"href":"https:\/\/lauragarza.com\/EnfoqueManual\/wp-json\/wp\/v2\/users\/2"}],"replies":[{"embeddable":true,"href":"https:\/\/lauragarza.com\/EnfoqueManual\/wp-json\/wp\/v2\/comments?post=344"}],"version-history":[{"count":1,"href":"https:\/\/lauragarza.com\/EnfoqueManual\/wp-json\/wp\/v2\/posts\/344\/revisions"}],"predecessor-version":[{"id":346,"href":"https:\/\/lauragarza.com\/EnfoqueManual\/wp-json\/wp\/v2\/posts\/344\/revisions\/346"}],"wp:featuredmedia":[{"embeddable":true,"href":"https:\/\/lauragarza.com\/EnfoqueManual\/wp-json\/wp\/v2\/media\/345"}],"wp:attachment":[{"href":"https:\/\/lauragarza.com\/EnfoqueManual\/wp-json\/wp\/v2\/media?parent=344"}],"wp:term":[{"taxonomy":"category","embeddable":true,"href":"https:\/\/lauragarza.com\/EnfoqueManual\/wp-json\/wp\/v2\/categories?post=344"},{"taxonomy":"post_tag","embeddable":true,"href":"https:\/\/lauragarza.com\/EnfoqueManual\/wp-json\/wp\/v2\/tags?post=344"}],"curies":[{"name":"wp","href":"https:\/\/api.w.org\/{rel}","templated":true}]}}