{"id":283,"date":"2023-07-26T00:19:32","date_gmt":"2023-07-26T05:19:32","guid":{"rendered":"https:\/\/lauragarza.com\/EnfoqueManual\/?p=283"},"modified":"2023-07-26T00:19:35","modified_gmt":"2023-07-26T05:19:35","slug":"el-covid-y-los-otros-datos","status":"publish","type":"post","link":"https:\/\/lauragarza.com\/EnfoqueManual\/2023\/07\/26\/el-covid-y-los-otros-datos\/","title":{"rendered":"El Covid y los otros datos"},"content":{"rendered":"\n<p><em>Por Laura Garza<\/em><\/p>\n\n\n\n<p>Cuando se trata de llamar la atenci\u00f3n, el primer elemento a utilizar en la desesperaci\u00f3n es la mentira. El discurso de los \u201cotros datos\u201d con los que no pueden jugar: la muerte.&nbsp;<\/p>\n\n\n\n<p>M\u00e1s de 700mil mexicanos y\/o mexicanas murieron, una cifra que coloc\u00f3 al Covid-19 como la primera causa de muerte en M\u00e9xico.<\/p>\n\n\n\n<p>El cinismo de quienes participan en una contienda inexistente en las reglas del juego electoral, comenzaron a hablar esta semana del mismo tema, como si les pasaran un archivo de los temas a tratar desde el mismo lugar.\u00a0<\/p>\n\n\n\n<figure class=\"wp-block-image size-large\"><img loading=\"lazy\" decoding=\"async\" width=\"1024\" height=\"576\" src=\"https:\/\/lauragarza.com\/EnfoqueManual\/wp-content\/uploads\/2023\/07\/BHZK4CBTURPIBKKY37X7EDCTVE-1024x576.jpg\" alt=\"\" class=\"wp-image-287\" srcset=\"https:\/\/lauragarza.com\/EnfoqueManual\/wp-content\/uploads\/2023\/07\/BHZK4CBTURPIBKKY37X7EDCTVE-1024x576.jpg 1024w, https:\/\/lauragarza.com\/EnfoqueManual\/wp-content\/uploads\/2023\/07\/BHZK4CBTURPIBKKY37X7EDCTVE-300x169.jpg 300w, https:\/\/lauragarza.com\/EnfoqueManual\/wp-content\/uploads\/2023\/07\/BHZK4CBTURPIBKKY37X7EDCTVE-768x432.jpg 768w, https:\/\/lauragarza.com\/EnfoqueManual\/wp-content\/uploads\/2023\/07\/BHZK4CBTURPIBKKY37X7EDCTVE.jpg 1288w\" sizes=\"auto, (max-width: 1024px) 100vw, 1024px\" \/><\/figure>\n\n\n\n<p class=\"has-text-align-center\">Foto: M\u00e9xico AS<\/p>\n\n\n\n<p>El sistema de salud y su parecido a Dinamarca, porque igual todav\u00eda no somos. La defensa de un discurso lleno de mentiras en donde hablan de un perfecto manejo de la pandemia y por lo tanto, quien diga que no tuvo una cama en los hospitales p\u00fablicos, miente. Al mismo tiempo que las redes sociales mostraban testimonios y videos que en su momento fueron publicados.<\/p>\n\n\n\n<p>La familia que lleva a su padre ya con la oxigenaci\u00f3n muy baja y a las afueras del IMSS, con la puerta cerrada nunca les dio acceso y por ende, el hombre qued\u00f3 tendido en el piso sin vida.<\/p>\n\n\n\n<p>Entre el 2020 y 2021 distintos estados declaraban ocupaci\u00f3n completa en los hospitales p\u00fablicos. Las noticias est\u00e1n publicadas y lamentablemente miles de familias perdieron a uno o varios de sus integrantes por la negligencia y la incapacidad de atender por una mala planeaci\u00f3n.<\/p>\n\n\n\n<p>All\u00ed est\u00e1n los expertos quienes han publicado libros con un an\u00e1lisis profundo del sistema m\u00e9dico mexicano en la crisis que present\u00f3 ante el Covid 19, Malaqu\u00edas L\u00f3pez, acad\u00e9mico de la Facultad de Medicina de la UNAM, el analista Xavier Tello o la doctora Laurie Ann.<\/p>\n\n\n\n<figure class=\"wp-block-image size-large\"><img loading=\"lazy\" decoding=\"async\" width=\"1024\" height=\"579\" src=\"https:\/\/lauragarza.com\/EnfoqueManual\/wp-content\/uploads\/2023\/07\/covid_hospital.jpg_551917905.jpg-1024x579.webp\" alt=\"\" class=\"wp-image-284\" srcset=\"https:\/\/lauragarza.com\/EnfoqueManual\/wp-content\/uploads\/2023\/07\/covid_hospital.jpg_551917905.jpg-1024x579.webp 1024w, https:\/\/lauragarza.com\/EnfoqueManual\/wp-content\/uploads\/2023\/07\/covid_hospital.jpg_551917905.jpg-300x170.webp 300w, https:\/\/lauragarza.com\/EnfoqueManual\/wp-content\/uploads\/2023\/07\/covid_hospital.jpg_551917905.jpg-768x434.webp 768w, https:\/\/lauragarza.com\/EnfoqueManual\/wp-content\/uploads\/2023\/07\/covid_hospital.jpg_551917905.jpg.webp 1200w\" sizes=\"auto, (max-width: 1024px) 100vw, 1024px\" \/><\/figure>\n\n\n\n<p class=\"has-text-align-center\">Foto: El Economista \/Reuters <\/p>\n\n\n\n<p>La pandemia fue documentada por todos, desde los encierros personales en casa, el encuentro con la ansiedad, la depresi\u00f3n, la saturaci\u00f3n de informaci\u00f3n, el p\u00e1nico, los familiares o amigos que negaron a ir a un hospital porque sab\u00edan que no saldr\u00edan vivos.\u00a0<\/p>\n\n\n\n<p>Todos tomamos fotos, los fotoperiodistas se jugaban su vida saliendo diariamente a documentar un momento hist\u00f3rico en estos tiempos modernos donde la tecnolog\u00eda y la ciencia no fueron suficiente para contra restar un virus como el Covid.<\/p>\n\n\n\n<figure class=\"wp-block-image size-large\"><img loading=\"lazy\" decoding=\"async\" width=\"1024\" height=\"573\" src=\"https:\/\/lauragarza.com\/EnfoqueManual\/wp-content\/uploads\/2023\/07\/destacada-covid-cdmx-1024x573.jpg\" alt=\"\" class=\"wp-image-286\" srcset=\"https:\/\/lauragarza.com\/EnfoqueManual\/wp-content\/uploads\/2023\/07\/destacada-covid-cdmx-1024x573.jpg 1024w, https:\/\/lauragarza.com\/EnfoqueManual\/wp-content\/uploads\/2023\/07\/destacada-covid-cdmx-300x168.jpg 300w, https:\/\/lauragarza.com\/EnfoqueManual\/wp-content\/uploads\/2023\/07\/destacada-covid-cdmx-768x430.jpg 768w, https:\/\/lauragarza.com\/EnfoqueManual\/wp-content\/uploads\/2023\/07\/destacada-covid-cdmx-1536x860.jpg 1536w, https:\/\/lauragarza.com\/EnfoqueManual\/wp-content\/uploads\/2023\/07\/destacada-covid-cdmx.jpg 1900w\" sizes=\"auto, (max-width: 1024px) 100vw, 1024px\" \/><\/figure>\n\n\n\n<p>Foto: Graciela L\u00f3pez \/ Cuartoscuro \/ Mexicanos contra la corrupci\u00f3n <\/p>\n\n\n\n<p>En M\u00e9xico no nos fue bien. Los \u201cotros datos\u201d que hicieron circular de manera irresponsable autoridades de gobierno federal y local ante el leve impacto de el virus, tambi\u00e9n sum\u00f3 muertes a su historial, en especial para Hugo L\u00f3pez Gatell.<\/p>\n\n\n\n<p>All\u00ed est\u00e1n las fotos, y quiz\u00e1 le pase como a mi que solo de verlas viene de nuevo la falta de aire y el dolor por quienes perdimos.<\/p>\n\n\n\n<figure class=\"wp-block-image size-large\"><img loading=\"lazy\" decoding=\"async\" width=\"1024\" height=\"576\" src=\"https:\/\/lauragarza.com\/EnfoqueManual\/wp-content\/uploads\/2023\/07\/enfermera-mexico-covid-1024x576.jpg\" alt=\"\" class=\"wp-image-285\" srcset=\"https:\/\/lauragarza.com\/EnfoqueManual\/wp-content\/uploads\/2023\/07\/enfermera-mexico-covid-1024x576.jpg 1024w, https:\/\/lauragarza.com\/EnfoqueManual\/wp-content\/uploads\/2023\/07\/enfermera-mexico-covid-300x169.jpg 300w, https:\/\/lauragarza.com\/EnfoqueManual\/wp-content\/uploads\/2023\/07\/enfermera-mexico-covid-768x432.jpg 768w, https:\/\/lauragarza.com\/EnfoqueManual\/wp-content\/uploads\/2023\/07\/enfermera-mexico-covid-1536x864.jpg 1536w, https:\/\/lauragarza.com\/EnfoqueManual\/wp-content\/uploads\/2023\/07\/enfermera-mexico-covid.jpg 2000w\" sizes=\"auto, (max-width: 1024px) 100vw, 1024px\" \/><\/figure>\n\n\n\n<p class=\"has-text-align-center\">Foto: Alfredo Estrella \/AFP \/ Mexicanos contra la Corrupci\u00f3n<\/p>\n\n\n\n<p>Tener el cinismo de hablar frente a las c\u00e1maras sobre una buena actuaci\u00f3n ante la pandemia, es una falta de respeto para todos los mexicanos. Es una desfachatez defender a quien hizo todo por conseguir el medicamento prohibido para todos los mexicanos con tal de que su hijo no sufriera los efectos del covid.<\/p>\n\n\n\n<p>Podr\u00e1n querer vender &#8220;otros datos&#8221; pero la gente tiene las ausencias de sus padres, madres, parejas o hijos y esas no mienten.<\/p>\n\n\n\n<p>C\u00ednicos, eso son. <\/p>\n\n\n\n<p>Porque fotos hay muchas. <\/p>\n","protected":false},"excerpt":{"rendered":"<p>Por Laura Garza Cuando se trata de llamar la atenci\u00f3n, el primer elemento a utilizar en la desesperaci\u00f3n es la [&hellip;]<\/p>\n","protected":false},"author":2,"featured_media":287,"comment_status":"open","ping_status":"open","sticky":false,"template":"","format":"standard","meta":{"footnotes":""},"categories":[1],"tags":[34,110,111,113,112,44],"class_list":["post-283","post","type-post","status-publish","format-standard","has-post-thumbnail","hentry","category-uncategorized","tag-amlo","tag-covid","tag-dinamarca","tag-norona","tag-otrosdatos","tag-sheinbaum"],"_links":{"self":[{"href":"https:\/\/lauragarza.com\/EnfoqueManual\/wp-json\/wp\/v2\/posts\/283","targetHints":{"allow":["GET"]}}],"collection":[{"href":"https:\/\/lauragarza.com\/EnfoqueManual\/wp-json\/wp\/v2\/posts"}],"about":[{"href":"https:\/\/lauragarza.com\/EnfoqueManual\/wp-json\/wp\/v2\/types\/post"}],"author":[{"embeddable":true,"href":"https:\/\/lauragarza.com\/EnfoqueManual\/wp-json\/wp\/v2\/users\/2"}],"replies":[{"embeddable":true,"href":"https:\/\/lauragarza.com\/EnfoqueManual\/wp-json\/wp\/v2\/comments?post=283"}],"version-history":[{"count":1,"href":"https:\/\/lauragarza.com\/EnfoqueManual\/wp-json\/wp\/v2\/posts\/283\/revisions"}],"predecessor-version":[{"id":288,"href":"https:\/\/lauragarza.com\/EnfoqueManual\/wp-json\/wp\/v2\/posts\/283\/revisions\/288"}],"wp:featuredmedia":[{"embeddable":true,"href":"https:\/\/lauragarza.com\/EnfoqueManual\/wp-json\/wp\/v2\/media\/287"}],"wp:attachment":[{"href":"https:\/\/lauragarza.com\/EnfoqueManual\/wp-json\/wp\/v2\/media?parent=283"}],"wp:term":[{"taxonomy":"category","embeddable":true,"href":"https:\/\/lauragarza.com\/EnfoqueManual\/wp-json\/wp\/v2\/categories?post=283"},{"taxonomy":"post_tag","embeddable":true,"href":"https:\/\/lauragarza.com\/EnfoqueManual\/wp-json\/wp\/v2\/tags?post=283"}],"curies":[{"name":"wp","href":"https:\/\/api.w.org\/{rel}","templated":true}]}}