{"id":110,"date":"2023-06-09T04:13:45","date_gmt":"2023-06-09T04:13:45","guid":{"rendered":"https:\/\/lauragarza.com\/EnfoqueManual\/?p=110"},"modified":"2023-06-09T04:13:51","modified_gmt":"2023-06-09T04:13:51","slug":"y-retiemble-en-sus-centros-la-tierra","status":"publish","type":"post","link":"https:\/\/lauragarza.com\/EnfoqueManual\/2023\/06\/09\/y-retiemble-en-sus-centros-la-tierra\/","title":{"rendered":"Y retiemble en sus centros la tierra\u2026.\u00a0"},"content":{"rendered":"\n<p><em>Por Laura Garza<\/em><\/p>\n\n\n\n<p>Nuestra Ciudad de M\u00e9xico siempre siendo la anfitriona y la vocera de tantas voces, quejas, reclamos, exigencias, gritos, llantos, golpes y violencia.<\/p>\n\n\n\n<p>Av. Reforma tan gloriosa y dadivosa con sus anchos carriles, su camell\u00f3n que adorna con flores y colores a quien pase por all\u00ed con odio, desesperaci\u00f3n y angustia.&nbsp;<\/p>\n\n\n\n<p>Cuando reci\u00e9n llegu\u00e9 a vivir ac\u00e1, no lograba entender la motivaci\u00f3n de tanta gente para paralizar el tr\u00e1nsito a cualquier d\u00eda y a cualquier hora. Me llev\u00f3 a\u00f1os abrir los o\u00eddos para escuchar las voces que pasaban por all\u00ed y sobre todo el coraz\u00f3n, para ponerme en sus zapatos y en muchas causas quebrarme con ellas y ellos.<\/p>\n\n\n\n<figure class=\"wp-block-image size-large\"><img loading=\"lazy\" decoding=\"async\" width=\"1024\" height=\"683\" src=\"https:\/\/lauragarza.com\/EnfoqueManual\/wp-content\/uploads\/2023\/06\/1dcc6956d0cc3b71267b2d03c9fbf0df6ea43dafw-1024x683.jpg\" alt=\"\" class=\"wp-image-111\" srcset=\"https:\/\/lauragarza.com\/EnfoqueManual\/wp-content\/uploads\/2023\/06\/1dcc6956d0cc3b71267b2d03c9fbf0df6ea43dafw-1024x683.jpg 1024w, https:\/\/lauragarza.com\/EnfoqueManual\/wp-content\/uploads\/2023\/06\/1dcc6956d0cc3b71267b2d03c9fbf0df6ea43dafw-300x200.jpg 300w, https:\/\/lauragarza.com\/EnfoqueManual\/wp-content\/uploads\/2023\/06\/1dcc6956d0cc3b71267b2d03c9fbf0df6ea43dafw-768x512.jpg 768w, https:\/\/lauragarza.com\/EnfoqueManual\/wp-content\/uploads\/2023\/06\/1dcc6956d0cc3b71267b2d03c9fbf0df6ea43dafw-1536x1024.jpg 1536w, https:\/\/lauragarza.com\/EnfoqueManual\/wp-content\/uploads\/2023\/06\/1dcc6956d0cc3b71267b2d03c9fbf0df6ea43dafw.jpg 1920w\" sizes=\"auto, (max-width: 1024px) 100vw, 1024px\" \/><\/figure>\n\n\n\n<p class=\"has-text-align-center\">Foto: Jos\u00e9 M\u00e9ndez \/ EFE <\/p>\n\n\n\n<p>Esta foto del fotoperiodista mexicano Jos\u00e9 M\u00e9ndez para EFE, me parece una imagen llena de s\u00edmbolos de lucha, de M\u00e9xico y la voz de su gente.<\/p>\n\n\n\n<p>La marcha del d\u00eda de hoy para detener los ataques contra las comunidades zapatistas, en donde participaron miles de personas en la capital y en San Cristobal de las Casas, exigieron poner un alto a los ataques de los grupos paramilitares a las comunidades zapatistas.<\/p>\n\n\n\n<p>Nuestra bandera, los colores que por excelencia nos reclaman efervescencia en el coraz\u00f3n y coraje en el fondo del est\u00f3mago para defender la causa que los otros reclaman.<\/p>\n\n\n\n<p>Los mexicanos nos contagiamos de pasi\u00f3n por un gol, pero muchos otros tambi\u00e9n por el dolor e injusticia que se vive en materia de derechos humanos, de g\u00e9nero y de abusos de los \u201carmados\u201d hacia los civiles.<\/p>\n\n\n\n<p>El cuerpo de la mujer vestida de blanco con bordados ind\u00edgenas pide paz, viste el cuerpo que camina al frente de la bandera y alzando la mano para que la miren, para que la escuchen.<\/p>\n\n\n\n<p>Su rostro cubierto con un paliacate rojo, porque sus palabras traen pasi\u00f3n y tambi\u00e9n sangre.&nbsp;<\/p>\n\n\n\n<p>La historia de un conflicto armado, que el pasado 22 de mayo, hiri\u00f3 a Jorge L\u00f3pez Sant\u00edz y desat\u00f3 el hartazgo y el enojo de la comunidad Mois\u00e9s Gandhi, parte del municipio aut\u00f3nomo Lucio Caba\u00f1as.<\/p>\n\n\n\n<p>Atr\u00e1s de ella la enorme bandera que la respalda, que la empuja a caminar las distancias que sean necesarias para que su demanda se vea, se lea y se aplique.&nbsp;<\/p>\n\n\n\n<p>Alrededor hombres y mujeres que cargan la bandera, que llevan en su cuerpo ataviado de colores bordados su desesperaci\u00f3n y su \u201csin saber\u201d si esto funcionar\u00e1 al volver a casa.<\/p>\n\n\n\n<p>Los Zapatistas, el subcomandante Marcos, y hoy m\u00e1s de 800 organizaciones internacionales, y seg\u00fan los medios, m\u00e1s de mil personalidades del mundo que se unieron a esta protesta.<\/p>\n\n\n\n<p>Ella no va sola, y por eso la bandera es tan larga. Los zapatistas ya no son un peque\u00f1o grupo de ind\u00edgenas en defensa de los derechos colectivos e individuales de los pueblos ind\u00edgenas mexicanos. Hoy son cientos de miles que defienden sus tierras de los sicarios, paramilitares y del propio presidente, a quien denuncian una complicidad directa en las detenciones arbitrarias, torturas, desplazamientos forzado de sus tierras y la militarizaci\u00f3n.<\/p>\n\n\n\n<p>Cada vez m\u00e1s grupos salen a las calles a marchar, a gritar de coraje y repudio. M\u00e9xico se nos est\u00e1 llenando de causas que lamentablemente nadie escucha. Ojal\u00e1 un d\u00eda no se nos desborde tanto odio que no quepamos por Av. Reforma y necesitemos m\u00e1s.\u00a0<\/p>\n\n\n\n<p>Hasta que retiemble en sus centros la tierra. <\/p>\n\n\n\n<figure class=\"wp-block-image size-medium\"><img loading=\"lazy\" decoding=\"async\" width=\"300\" height=\"295\" src=\"https:\/\/lauragarza.com\/EnfoqueManual\/wp-content\/uploads\/2023\/06\/Screen-Shot-2023-06-08-at-22.11.52-300x295.png\" alt=\"\" class=\"wp-image-112\" srcset=\"https:\/\/lauragarza.com\/EnfoqueManual\/wp-content\/uploads\/2023\/06\/Screen-Shot-2023-06-08-at-22.11.52-300x295.png 300w, https:\/\/lauragarza.com\/EnfoqueManual\/wp-content\/uploads\/2023\/06\/Screen-Shot-2023-06-08-at-22.11.52.png 346w\" sizes=\"auto, (max-width: 300px) 100vw, 300px\" \/><\/figure>\n\n\n\n<p>Fot\u00f3grafo Jos\u00e9 M\u00e9ndez \/ Instagram: @josemendez_photo<\/p>\n\n\n\n<figure class=\"wp-block-image size-full is-resized\"><img loading=\"lazy\" decoding=\"async\" src=\"https:\/\/lauragarza.com\/EnfoqueManual\/wp-content\/uploads\/2023\/05\/Screen-Shot-2023-05-29-at-21.22.36.png\" alt=\"\" class=\"wp-image-77\" width=\"109\" height=\"111\" srcset=\"https:\/\/lauragarza.com\/EnfoqueManual\/wp-content\/uploads\/2023\/05\/Screen-Shot-2023-05-29-at-21.22.36.png 352w, https:\/\/lauragarza.com\/EnfoqueManual\/wp-content\/uploads\/2023\/05\/Screen-Shot-2023-05-29-at-21.22.36-293x300.png 293w\" sizes=\"auto, (max-width: 109px) 100vw, 109px\" \/><\/figure>\n\n\n\n<p><\/p>\n\n\n\n<p><\/p>\n","protected":false},"excerpt":{"rendered":"<p>Por Laura Garza Nuestra Ciudad de M\u00e9xico siempre siendo la anfitriona y la vocera de tantas voces, quejas, reclamos, exigencias, [&hellip;]<\/p>\n","protected":false},"author":2,"featured_media":111,"comment_status":"open","ping_status":"open","sticky":false,"template":"","format":"standard","meta":{"footnotes":""},"categories":[1],"tags":[30,27,28,29,26],"class_list":["post-110","post","type-post","status-publish","format-standard","has-post-thumbnail","hentry","category-uncategorized","tag-cdmx","tag-ezln","tag-indigenas","tag-protesta","tag-zapatistas"],"_links":{"self":[{"href":"https:\/\/lauragarza.com\/EnfoqueManual\/wp-json\/wp\/v2\/posts\/110","targetHints":{"allow":["GET"]}}],"collection":[{"href":"https:\/\/lauragarza.com\/EnfoqueManual\/wp-json\/wp\/v2\/posts"}],"about":[{"href":"https:\/\/lauragarza.com\/EnfoqueManual\/wp-json\/wp\/v2\/types\/post"}],"author":[{"embeddable":true,"href":"https:\/\/lauragarza.com\/EnfoqueManual\/wp-json\/wp\/v2\/users\/2"}],"replies":[{"embeddable":true,"href":"https:\/\/lauragarza.com\/EnfoqueManual\/wp-json\/wp\/v2\/comments?post=110"}],"version-history":[{"count":1,"href":"https:\/\/lauragarza.com\/EnfoqueManual\/wp-json\/wp\/v2\/posts\/110\/revisions"}],"predecessor-version":[{"id":113,"href":"https:\/\/lauragarza.com\/EnfoqueManual\/wp-json\/wp\/v2\/posts\/110\/revisions\/113"}],"wp:featuredmedia":[{"embeddable":true,"href":"https:\/\/lauragarza.com\/EnfoqueManual\/wp-json\/wp\/v2\/media\/111"}],"wp:attachment":[{"href":"https:\/\/lauragarza.com\/EnfoqueManual\/wp-json\/wp\/v2\/media?parent=110"}],"wp:term":[{"taxonomy":"category","embeddable":true,"href":"https:\/\/lauragarza.com\/EnfoqueManual\/wp-json\/wp\/v2\/categories?post=110"},{"taxonomy":"post_tag","embeddable":true,"href":"https:\/\/lauragarza.com\/EnfoqueManual\/wp-json\/wp\/v2\/tags?post=110"}],"curies":[{"name":"wp","href":"https:\/\/api.w.org\/{rel}","templated":true}]}}