{"id":101,"date":"2023-06-07T04:07:35","date_gmt":"2023-06-07T04:07:35","guid":{"rendered":"https:\/\/lauragarza.com\/EnfoqueManual\/?p=101"},"modified":"2023-06-07T04:07:38","modified_gmt":"2023-06-07T04:07:38","slug":"como-vemos-una-bolsa-negra","status":"publish","type":"post","link":"https:\/\/lauragarza.com\/EnfoqueManual\/2023\/06\/07\/como-vemos-una-bolsa-negra\/","title":{"rendered":"C\u00f3mo vemos una bolsa negra"},"content":{"rendered":"\n<p><em>Por Laura Garza<\/em><\/p>\n\n\n\n<p>De nueva cuenta observamos a la muerte como algo que ya suele ser cotidiano para nuestros ojos. Muertos siempre hay, pero la informaci\u00f3n es la que nos coloca frente a un contexto en la que nos hace mirar de manera distinta.<\/p>\n\n\n\n<p>Basta enterarnos sobre el secuestro de mujeres u hombres e imaginar el terrible desenlace, el que pasa com\u00fanmente en nuestro pa\u00eds: no aparecer.&nbsp;<\/p>\n\n\n\n<p>Hombres y mujeres que salieron de fiesta, que fueron a regresar, que iban en el transporte p\u00fablico, que caminaban en una calle totalmente solitaria, que sal\u00edan de divertirse de alg\u00fan antro, pero todos con la misma historia de no volver a sus casas y saltar al mundo p\u00fablico con una foto en donde aparece \u00fanicamente su rostro y sus se\u00f1as particulares para ser identificado.<\/p>\n\n\n\n<p>La cadena de actos que bien pudieron salir de un guion de una pel\u00edcula de misterio o terror. Alguien no llega a casa, los familiares entran en alerta, siguen las llamadas entre amigos y conocidos, las publicaciones en redes sociales, la angustia de los padres, la llamada a las autoridades, la primer noche de no poder dormir, la segunda sin pegar el sue\u00f1o porque cualquier ruido despierta la esperanza de sus peores pensamientos.&nbsp;&nbsp;Se emite la alerta Amber y comienza de manera oficial a buscar a \u201cuna persona desaparecida\u201d quien esta ocasi\u00f3n es de los tuyos.<\/p>\n\n\n\n<p>El drama es in\u00e9dito para todos.&nbsp;<\/p>\n\n\n\n<p>Despu\u00e9s&nbsp;&nbsp;te das cuenta que no solo fue tu hijo, sino que comienzan a ligarse m\u00e1s desapariciones similares y finalmente fueron ocho quienes son buscados.<\/p>\n\n\n\n<p>Las historias que ahora salen a la luz, gracias al trabajo period\u00edstico y de investigaci\u00f3n la relaci\u00f3n de los ocho j\u00f3venes desaparecidos y hoy encontrados, los lleva a estar relacionados con el narco.<\/p>\n\n\n\n<p>Entonces la percepci\u00f3n cambia, la angustia que uno como ajeno como observador de historias, como lector o televidente frente a la pantalla, desaparece.<\/p>\n\n\n\n<figure class=\"wp-block-image size-large\"><img loading=\"lazy\" decoding=\"async\" width=\"1024\" height=\"661\" src=\"https:\/\/lauragarza.com\/EnfoqueManual\/wp-content\/uploads\/2023\/06\/Screen-Shot-2023-06-06-at-22.02.42-1024x661.png\" alt=\"\" class=\"wp-image-102\" srcset=\"https:\/\/lauragarza.com\/EnfoqueManual\/wp-content\/uploads\/2023\/06\/Screen-Shot-2023-06-06-at-22.02.42-1024x661.png 1024w, https:\/\/lauragarza.com\/EnfoqueManual\/wp-content\/uploads\/2023\/06\/Screen-Shot-2023-06-06-at-22.02.42-300x194.png 300w, https:\/\/lauragarza.com\/EnfoqueManual\/wp-content\/uploads\/2023\/06\/Screen-Shot-2023-06-06-at-22.02.42-768x496.png 768w, https:\/\/lauragarza.com\/EnfoqueManual\/wp-content\/uploads\/2023\/06\/Screen-Shot-2023-06-06-at-22.02.42-1536x992.png 1536w, https:\/\/lauragarza.com\/EnfoqueManual\/wp-content\/uploads\/2023\/06\/Screen-Shot-2023-06-06-at-22.02.42.png 1700w\" sizes=\"auto, (max-width: 1024px) 100vw, 1024px\" \/><\/figure>\n\n\n\n<p>La foto que toma el fotoperiodista de AFP Ulises Ruiz y que se publica en El Pa\u00eds digital, tiene una interpretaci\u00f3n distinta.<\/p>\n\n\n\n<p>Esa bolsa negra de un cuerpo ya hinchado y en completa descomposici\u00f3n al estar tirado en la tierra y matorrales directo al sol por d\u00eda y noche, se ve distinto.<\/p>\n\n\n\n<p>El contexto relacionado con el narco y con supuestas acciones fraudulentas, le hacen mirar r la bolsa negra como si fuera directamente de basura, porque ya su muerte no le causa la misma reacci\u00f3n que antes.<\/p>\n\n\n\n<p>Hoy es muy posible que usted y yo enjuiciemos a los ocho j\u00f3venes que \u201cpudieron buscar\u201d este terrible final para sus vidas tratando y laborando para miembros del CJNG<\/p>\n\n\n\n<p>Las im\u00e1genes por s\u00ed mismas pueden impactarnos, ocupar nuestra memoria por d\u00edas enteros, pero si el contexto lo refiere a alg\u00fan acto il\u00edcito nuestra emoci\u00f3n las distorsiona y el impacto emocional es totalmente distinto.<\/p>\n\n\n\n<p>El ojo humano y su conciencia, trabajan de la mano de lo que para ellos est\u00e1 bien o mal, es bueno o malo, es merecido o no. El fot\u00f3grafo capt\u00f3 de manera period\u00edstica el hallazgo de cuerpos en un monte, usted y yo le agregamos el resto, as\u00ed la foto queda como lo que es, un acto period\u00edstico de j\u00f3venes que terminaron mal porque no estuvieron haciendo nada bueno.<\/p>\n\n\n\n<p>La bolsa negra ya no le produce indignaci\u00f3n, sino una reacci\u00f3n a una indebida acci\u00f3n. <\/p>\n\n\n\n<figure class=\"wp-block-image size-full is-resized\"><img loading=\"lazy\" decoding=\"async\" src=\"https:\/\/lauragarza.com\/EnfoqueManual\/wp-content\/uploads\/2023\/06\/Screen-Shot-2023-06-06-at-22.05.24.png\" alt=\"\" class=\"wp-image-103\" width=\"148\" height=\"152\" srcset=\"https:\/\/lauragarza.com\/EnfoqueManual\/wp-content\/uploads\/2023\/06\/Screen-Shot-2023-06-06-at-22.05.24.png 322w, https:\/\/lauragarza.com\/EnfoqueManual\/wp-content\/uploads\/2023\/06\/Screen-Shot-2023-06-06-at-22.05.24-293x300.png 293w\" sizes=\"auto, (max-width: 148px) 100vw, 148px\" \/><\/figure>\n\n\n\n<p>Foto: Ulises Ruiz \/ Instagram @ulisesruizb<\/p>\n\n\n\n<figure class=\"wp-block-image size-full is-resized\"><img loading=\"lazy\" decoding=\"async\" src=\"https:\/\/lauragarza.com\/EnfoqueManual\/wp-content\/uploads\/2023\/06\/Screen-Shot-2023-06-06-at-22.05.38.png\" alt=\"\" class=\"wp-image-104\" width=\"141\" height=\"134\" srcset=\"https:\/\/lauragarza.com\/EnfoqueManual\/wp-content\/uploads\/2023\/06\/Screen-Shot-2023-06-06-at-22.05.38.png 410w, https:\/\/lauragarza.com\/EnfoqueManual\/wp-content\/uploads\/2023\/06\/Screen-Shot-2023-06-06-at-22.05.38-300x287.png 300w\" sizes=\"auto, (max-width: 141px) 100vw, 141px\" \/><\/figure>\n\n\n\n<p>Foto: El Pa\u00eds digital <\/p>\n","protected":false},"excerpt":{"rendered":"<p>Por Laura Garza De nueva cuenta observamos a la muerte como algo que ya suele ser cotidiano para nuestros ojos. [&hellip;]<\/p>\n","protected":false},"author":2,"featured_media":102,"comment_status":"open","ping_status":"open","sticky":false,"template":"","format":"standard","meta":{"footnotes":""},"categories":[1],"tags":[],"class_list":["post-101","post","type-post","status-publish","format-standard","has-post-thumbnail","hentry","category-uncategorized"],"_links":{"self":[{"href":"https:\/\/lauragarza.com\/EnfoqueManual\/wp-json\/wp\/v2\/posts\/101","targetHints":{"allow":["GET"]}}],"collection":[{"href":"https:\/\/lauragarza.com\/EnfoqueManual\/wp-json\/wp\/v2\/posts"}],"about":[{"href":"https:\/\/lauragarza.com\/EnfoqueManual\/wp-json\/wp\/v2\/types\/post"}],"author":[{"embeddable":true,"href":"https:\/\/lauragarza.com\/EnfoqueManual\/wp-json\/wp\/v2\/users\/2"}],"replies":[{"embeddable":true,"href":"https:\/\/lauragarza.com\/EnfoqueManual\/wp-json\/wp\/v2\/comments?post=101"}],"version-history":[{"count":1,"href":"https:\/\/lauragarza.com\/EnfoqueManual\/wp-json\/wp\/v2\/posts\/101\/revisions"}],"predecessor-version":[{"id":105,"href":"https:\/\/lauragarza.com\/EnfoqueManual\/wp-json\/wp\/v2\/posts\/101\/revisions\/105"}],"wp:featuredmedia":[{"embeddable":true,"href":"https:\/\/lauragarza.com\/EnfoqueManual\/wp-json\/wp\/v2\/media\/102"}],"wp:attachment":[{"href":"https:\/\/lauragarza.com\/EnfoqueManual\/wp-json\/wp\/v2\/media?parent=101"}],"wp:term":[{"taxonomy":"category","embeddable":true,"href":"https:\/\/lauragarza.com\/EnfoqueManual\/wp-json\/wp\/v2\/categories?post=101"},{"taxonomy":"post_tag","embeddable":true,"href":"https:\/\/lauragarza.com\/EnfoqueManual\/wp-json\/wp\/v2\/tags?post=101"}],"curies":[{"name":"wp","href":"https:\/\/api.w.org\/{rel}","templated":true}]}}